{"id":8276,"date":"2026-09-03T17:46:21","date_gmt":"2026-09-03T15:46:21","guid":{"rendered":"https:\/\/www.portalcerrajeros.es\/prensa\/como-ahorrar-gas-con-la-caldera-este-invierno-segun-servicios-tecnicos-de-valencia\/"},"modified":"2026-09-03T17:46:21","modified_gmt":"2026-09-03T15:46:21","slug":"como-ahorrar-gas-con-la-caldera-este-invierno-segun-servicios-tecnicos-de-valencia","status":"publish","type":"post","link":"https:\/\/www.portalcerrajeros.es\/prensa\/como-ahorrar-gas-con-la-caldera-este-invierno-segun-servicios-tecnicos-de-valencia\/","title":{"rendered":"C\u00f3mo ahorrar gas con la caldera este invierno, seg\u00fan Servicios t\u00e9cnicos de Valencia"},"content":{"rendered":"<div>\n<p><a href=\"https:\/\/www.portalcerrajeros.es\/prensa\/wp-content\/uploads\/2026\/09\/ahorrar_con_la_calefaccion.png\" target=\"_blank\" class=\"fotonota\"> <\/a><\/p>\n<p>Los conflictos geopol\u00edticos como el cierre del estrecho de Ormuz o la guerra en Ucrania han tenido un fuerte impacto en los precios de la energ\u00eda en los \u00faltimos a\u00f1os, no obstante la adopci\u00f3n de ciertas medidas y h\u00e1bitos de consumo hace posible la reducci\u00f3n del consumo de energ\u00eda y el ahorro<\/p>\n<p><\/p>\n<p>La incertidumbre internacional y las tensiones en torno al estrecho de Ormuz vuelven a situar a los precios de la energ\u00eda en el centro de las preocupaciones de familias y empresas. Cuando aumentan los precios del petr\u00f3leo y del gas natural, reducir el consumo de la calefacci\u00f3n sin renunciar al confort se convierte en una medida pr\u00e1ctica para contener la factura durante el invierno.<\/p>\n<p>La buena noticia es que no hace falta vivir con fr\u00edo ni realizar una reforma integral para empezar a gastar menos. Una caldera bien ajustada, una vivienda que conserve el calor y unos h\u00e1bitos razonables pueden marcar una diferencia importante a final de mes.<\/p>\n<p><strong>Ajustar el termostato con criterio<\/strong><br \/>\nEl termostato es uno de los elementos con mayor influencia sobre el nivel de consumo de los sistemas de calefacci\u00f3n dom\u00e9sticos. Elevar la temperatura interior m\u00e1s de lo necesario obliga a la caldera a trabajar durante m\u00e1s tiempo y aumenta el gasto energ\u00e9tico. Como referencia, el IDAE recomienda mantener la vivienda en torno a 20-21 \u00b0C durante las horas de actividad y reducir la consigna a 15-17 \u00b0C por la noche o cuando no haya nadie en casa. Cada grado adicional puede elevar el consumo de los sistemas de calefacci\u00f3n aproximadamente un 7 %.<\/p>\n<p>Del mismo modo, no es recomendable encender la calefacci\u00f3n \u00aba tope\u00bb para calentar antes una habitaci\u00f3n ya que la vivienda no alcanzar\u00e1 antes la temperatura deseada; simplemente se superar\u00e1 el nivel de confort y se consumir\u00e1 m\u00e1s gas. Es preferible fijar una temperatura de consigna estable y dejar que la instalaci\u00f3n trabaje de forma progresiva.<\/p>\n<p>Por otro lado, si la caldera dispone de termostato programable o inteligente, conviene aprovecharlo:<\/p>\n<ul>\n<li>\n<p>Programar el encendido antes de las horas reales de uso, no durante todo el d\u00eda.<\/p>\n<\/li>\n<li>\n<p>Reducir la temperatura cuando la casa quede vac\u00eda durante varias horas.<\/p>\n<\/li>\n<li>\n<p>Bajar la temperatura de consigna por la noche en lugar de mantener el mismo nivel que durante el d\u00eda.<\/p>\n<\/li>\n<li>\n<p>Evitar colocar el termostato junto a radiadores, ventanas, puertas exteriores o fuentes de calor.<\/p>\n<\/li>\n<\/ul>\n<p>En una vivienda con horarios previsibles, la programaci\u00f3n evita calentar estancias vac\u00edas y facilita un consumo mucho m\u00e1s controlado.<\/p>\n<p><strong>Revisar la temperatura de la caldera<\/strong><br \/>\nNo solo importa la temperatura ambiente: tambi\u00e9n influye la temperatura del agua que circula hacia los radiadores. Muchas instalaciones funcionan con una impulsi\u00f3n demasiado elevada porque nunca se ha revisado la configuraci\u00f3n desde su puesta en marcha.<\/p>\n<p>En una caldera de condensaci\u00f3n, trabajar con temperaturas de retorno bajas favorece la condensaci\u00f3n de los humos y permite recuperar parte del calor que, en una caldera convencional, saldr\u00eda por la chimenea. Por esta raz\u00f3n, estas calderas ofrecen un rendimiento superior, especialmente cuando la instalaci\u00f3n puede operar a temperaturas moderadas.<\/p>\n<p>La regulaci\u00f3n correcta depende del aislamiento, el tama\u00f1o de los radiadores, la zona clim\u00e1tica y las necesidades de cada hogar. Como pauta general:<\/p>\n<ul>\n<li>\n<p>Empezar con una temperatura de impulsi\u00f3n moderada y comprobar si la vivienda alcanza el nivel confort deseado.<\/p>\n<\/li>\n<li>\n<p>Reducir poco a poco si los radiadores siguen calentando adecuadamente.<\/p>\n<\/li>\n<li>\n<p>No copiar ajustes de otra vivienda: dos pisos con radiadores similares pueden necesitar configuraciones distintas.<\/p>\n<\/li>\n<li>\n<p>Consultar el manual del fabricante o solicitar el ajuste a un t\u00e9cnico habilitado si no sabe qu\u00e9 par\u00e1metro modificar.<\/p>\n<\/li>\n<\/ul>\n<p>Una temperatura excesiva puede provocar ciclos de encendido y apagado poco eficientes, sobrecalentamiento de las estancias y mayor gasto. El objetivo no es que el radiador queme al tocarlo, sino que aporte el calor necesario de manera continua y equilibrada.<\/p>\n<p><strong>Cuidar la caldera y los radiadores<\/strong><br \/>\nUna caldera que no recibe mantenimiento puede perder eficiencia, consumir m\u00e1s combustible y presentar aver\u00edas justo en los meses de mayor demanda. La limpieza del quemador, la comprobaci\u00f3n de la combusti\u00f3n, la presi\u00f3n del circuito, la evacuaci\u00f3n de humos, la estanqueidad y el estado de los componentes deben ser revisados por profesionales cualificados.<\/p>\n<p>A este respecto, el Reglamento de Instalaciones T\u00e9rmicas en los Edificios (RITE) establece que el mantenimiento debe realizarse mediante empresas mantenedoras habilitadas y que las operaciones efectuadas deben quedar registradas. Para calderas murales a gas de hasta 70 kW destinadas a viviendas, la periodicidad orientativa de mantenimiento preventivo es cada dos a\u00f1os, salvo que el manual del equipo o las condiciones particulares indiquen otra frecuencia.<\/p>\n<p>Adem\u00e1s, antes de la temporada de fr\u00edo, tambi\u00e9n resulta \u00fatil:<\/p>\n<ul>\n<li>\n<p>Purgar los radiadores si se oyen ruidos o hay zonas que permanecen fr\u00edas.<\/p>\n<\/li>\n<li>\n<p>Comprobar que todos calientan de forma homog\u00e9nea.<\/p>\n<\/li>\n<li>\n<p>No cubrir radiadores con muebles, cubreradiadores cerrados o cortinas largas.<\/p>\n<\/li>\n<li>\n<p>Revisar la presi\u00f3n indicada por la caldera siguiendo las instrucciones del fabricante.<\/p>\n<\/li>\n<li>\n<p>Detectar goteos, ruidos extra\u00f1os, bajadas continuas de presi\u00f3n o fallos recurrentes y llamar a un t\u00e9cnico.<\/p>\n<\/li>\n<\/ul>\n<p>Una instalaci\u00f3n equilibrada distribuye mejor el calor y evita que la caldera tenga que prolongar su funcionamiento para compensar radiadores que rinden mal.<\/p>\n<p><strong>Evitar que el calor se escape<\/strong><br \/>\nLa caldera puede ser eficiente, pero poco conseguir\u00e1 si el calor abandona r\u00e1pidamente la vivienda y las estancias; ventanas, cajones de persianas, puertas exteriores y encuentros mal sellados son puntos habituales de p\u00e9rdida t\u00e9rmica.<\/p>\n<p>Antes de plantear una reforma costosa, hay mejoras sencillas y asequibles:<\/p>\n<ul>\n<li>\n<p>Colocar burletes en ventanas y puertas que tengan holguras.<\/p>\n<\/li>\n<li>\n<p>Bajar persianas y cerrar cortinas al anochecer.<\/p>\n<\/li>\n<li>\n<p>Ventilar de forma breve e intensa, en lugar de dejar una ventana entreabierta durante horas.<\/p>\n<\/li>\n<li>\n<p>Mantener libres las salidas de aire y no bloquear los radiadores.<\/p>\n<\/li>\n<li>\n<p>Cerrar puertas de habitaciones poco utilizadas para concentrar el calor en las zonas ocupadas.<\/p>\n<\/li>\n<li>\n<p>Usar ropa de abrigo en casa antes de subir un grado el termostato.<\/p>\n<\/li>\n<\/ul>\n<p>El jefe de inspecciones t\u00e9cnicas de la empresa de climatizaci\u00f3n y calefacci\u00f3n <a href=\"https:\/\/servicio-tecnico-valencia.eu\/\" target=\"_blank\" rel=\"nofollow noopener\">Servicios t\u00e9cnicos de Valencia<\/a>, Jorge P\u00e9rez, aconseja adaptar el funcionamiento de la calefacci\u00f3n al horario de ocupaci\u00f3n y se\u00f1ala que, \u00abcuando se duerme bien abrigado, no es necesario mantener la vivienda a la temperatura diurna. Es un cambio de h\u00e1bito peque\u00f1o, pero especialmente relevante cuando el gas natural se encarece\u00bb, indica.<\/p>\n<p><strong>Valorar renovar equipos antiguos<\/strong><br \/>\nFinalmente, si la caldera es antigua, tiene aver\u00edas frecuentes o no modula correctamente su potencia, puede ser el momento de estudiar una sustituci\u00f3n. Las calderas de condensaci\u00f3n actuales regulan mejor su funcionamiento y est\u00e1n dise\u00f1adas para aprovechar m\u00e1s energ\u00eda del combustible que los equipos convencionales.<\/p>\n<p>No obstante, la renovaci\u00f3n de la caldera debe plantearse con un c\u00e1lculo adecuado de la potencia. Una caldera sobredimensionada puede realizar arranques frecuentes y trabajar fuera de su punto \u00f3ptimo; una caldera demasiado peque\u00f1a puede no cubrir la demanda de calefacci\u00f3n y agua caliente sanitaria. Un instalador habilitado debe valorar, entre otros aspectos, los metros cuadrados, el aislamiento, el n\u00famero de ba\u00f1os, los h\u00e1bitos de consumo y el tipo de emisores.<\/p>\n<\/div>\n\n\n<div class=\"kk-star-ratings kksr-auto kksr-align-right kksr-valign-bottom\"\n    data-payload='{&quot;align&quot;:&quot;right&quot;,&quot;id&quot;:&quot;8276&quot;,&quot;slug&quot;:&quot;default&quot;,&quot;valign&quot;:&quot;bottom&quot;,&quot;ignore&quot;:&quot;&quot;,&quot;reference&quot;:&quot;auto&quot;,&quot;class&quot;:&quot;&quot;,&quot;count&quot;:&quot;0&quot;,&quot;legendonly&quot;:&quot;&quot;,&quot;readonly&quot;:&quot;&quot;,&quot;score&quot;:&quot;0&quot;,&quot;starsonly&quot;:&quot;&quot;,&quot;best&quot;:&quot;5&quot;,&quot;gap&quot;:&quot;8&quot;,&quot;greet&quot;:&quot;Valora este art\u00edculo. GRACIAS!&quot;,&quot;legend&quot;:&quot;0\\\/5 - (0 votos)&quot;,&quot;size&quot;:&quot;31&quot;,&quot;title&quot;:&quot;C\u00f3mo ahorrar gas con la caldera este invierno, seg\u00fan Servicios t\u00e9cnicos de Valencia&quot;,&quot;width&quot;:&quot;0&quot;,&quot;_legend&quot;:&quot;{score}\\\/{best} - ({count} {votes})&quot;,&quot;font_factor&quot;:&quot;1.25&quot;}'>\n            \n<div class=\"kksr-stars\">\n    \n<div class=\"kksr-stars-inactive\">\n            <div class=\"kksr-star\" data-star=\"1\" style=\"padding-right: 8px\">\n            \n\n<div class=\"kksr-icon\" style=\"width: 31px; height: 31px;\"><\/div>\n        <\/div>\n            <div class=\"kksr-star\" data-star=\"2\" style=\"padding-right: 8px\">\n            \n\n<div class=\"kksr-icon\" style=\"width: 31px; height: 31px;\"><\/div>\n        <\/div>\n            <div class=\"kksr-star\" data-star=\"3\" style=\"padding-right: 8px\">\n            \n\n<div class=\"kksr-icon\" style=\"width: 31px; height: 31px;\"><\/div>\n        <\/div>\n            <div class=\"kksr-star\" data-star=\"4\" style=\"padding-right: 8px\">\n            \n\n<div class=\"kksr-icon\" style=\"width: 31px; height: 31px;\"><\/div>\n        <\/div>\n            <div class=\"kksr-star\" data-star=\"5\" style=\"padding-right: 8px\">\n            \n\n<div class=\"kksr-icon\" style=\"width: 31px; height: 31px;\"><\/div>\n        <\/div>\n    <\/div>\n    \n<div class=\"kksr-stars-active\" style=\"width: 0px;\">\n            <div class=\"kksr-star\" style=\"padding-right: 8px\">\n            \n\n<div class=\"kksr-icon\" style=\"width: 31px; height: 31px;\"><\/div>\n        <\/div>\n            <div class=\"kksr-star\" style=\"padding-right: 8px\">\n            \n\n<div class=\"kksr-icon\" style=\"width: 31px; height: 31px;\"><\/div>\n        <\/div>\n            <div class=\"kksr-star\" style=\"padding-right: 8px\">\n            \n\n<div class=\"kksr-icon\" style=\"width: 31px; height: 31px;\"><\/div>\n        <\/div>\n            <div class=\"kksr-star\" style=\"padding-right: 8px\">\n            \n\n<div class=\"kksr-icon\" style=\"width: 31px; height: 31px;\"><\/div>\n        <\/div>\n            <div class=\"kksr-star\" style=\"padding-right: 8px\">\n            \n\n<div class=\"kksr-icon\" style=\"width: 31px; height: 31px;\"><\/div>\n        <\/div>\n    <\/div>\n<\/div>\n                \n\n<div class=\"kksr-legend\" style=\"font-size: 24.8px;\">\n            <span class=\"kksr-muted\">Valora este art\u00edculo. GRACIAS!<\/span>\n    <\/div>\n    <\/div>\n","protected":false},"excerpt":{"rendered":"<div>Los conflictos geopol\u00edticos como el cierre del estrecho de Ormuz o la guerra en Ucrania han tenido un fuerte impacto en los precios de la energ\u00eda en los \u00faltimos a\u00f1os, no obstante la adopci\u00f3n de ciertas medidas y h\u00e1bitos de consumo hace posible la reducci\u00f3n del consumo de energ\u00eda y el ahorro<\/div>\n","protected":false},"author":3,"featured_media":8277,"comment_status":"closed","ping_status":"open","sticky":false,"template":"","format":"standard","meta":{"footnotes":""},"categories":[1],"tags":[],"class_list":["post-8276","post","type-post","status-publish","format-standard","has-post-thumbnail","hentry","category-actualidad-y-novedades"],"_links":{"self":[{"href":"https:\/\/www.portalcerrajeros.es\/prensa\/wp-json\/wp\/v2\/posts\/8276","targetHints":{"allow":["GET"]}}],"collection":[{"href":"https:\/\/www.portalcerrajeros.es\/prensa\/wp-json\/wp\/v2\/posts"}],"about":[{"href":"https:\/\/www.portalcerrajeros.es\/prensa\/wp-json\/wp\/v2\/types\/post"}],"author":[{"embeddable":true,"href":"https:\/\/www.portalcerrajeros.es\/prensa\/wp-json\/wp\/v2\/users\/3"}],"replies":[{"embeddable":true,"href":"https:\/\/www.portalcerrajeros.es\/prensa\/wp-json\/wp\/v2\/comments?post=8276"}],"version-history":[{"count":0,"href":"https:\/\/www.portalcerrajeros.es\/prensa\/wp-json\/wp\/v2\/posts\/8276\/revisions"}],"wp:featuredmedia":[{"embeddable":true,"href":"https:\/\/www.portalcerrajeros.es\/prensa\/wp-json\/wp\/v2\/media\/8277"}],"wp:attachment":[{"href":"https:\/\/www.portalcerrajeros.es\/prensa\/wp-json\/wp\/v2\/media?parent=8276"}],"wp:term":[{"taxonomy":"category","embeddable":true,"href":"https:\/\/www.portalcerrajeros.es\/prensa\/wp-json\/wp\/v2\/categories?post=8276"},{"taxonomy":"post_tag","embeddable":true,"href":"https:\/\/www.portalcerrajeros.es\/prensa\/wp-json\/wp\/v2\/tags?post=8276"}],"curies":[{"name":"wp","href":"https:\/\/api.w.org\/{rel}","templated":true}]}}