{"id":7899,"date":"2026-03-12T15:23:00","date_gmt":"2026-03-12T13:23:00","guid":{"rendered":"https:\/\/www.portalcerrajeros.es\/prensa\/ocho-anos-con-humedad-en-casa-una-vecina-de-valladolid-documenta-como-su-pared-se-seca-en-tres-meses\/"},"modified":"2026-03-12T15:23:00","modified_gmt":"2026-03-12T13:23:00","slug":"ocho-anos-con-humedad-en-casa-una-vecina-de-valladolid-documenta-como-su-pared-se-seca-en-tres-meses","status":"publish","type":"post","link":"https:\/\/www.portalcerrajeros.es\/prensa\/ocho-anos-con-humedad-en-casa-una-vecina-de-valladolid-documenta-como-su-pared-se-seca-en-tres-meses\/","title":{"rendered":"Ocho a\u00f1os con humedad en casa: una vecina de Valladolid documenta c\u00f3mo su pared se seca en tres meses"},"content":{"rendered":"<div>\n<p><a href=\"https:\/\/www.portalcerrajeros.es\/prensa\/wp-content\/uploads\/2026\/03\/WhatsApp_Image_2026-03-12_at_111813.jpeg\" target=\"_blank\" class=\"fotonota\"> <\/a><\/p>\n<p>Tras ocho a\u00f1os conviviendo con humedad por capilaridad en su vivienda, Mercedes Guti\u00e9rrez, vecina de Valladolid, decidi\u00f3 poner a prueba p\u00fablicamente a las empresas del sector. Document\u00f3 el proceso en redes sociales y, tres meses despu\u00e9s de la instalaci\u00f3n del sistema Humix, las mediciones mostraron una reducci\u00f3n significativa de la humedad en los muros de su casa<\/p>\n<p><\/p>\n<p><strong>Ocho a\u00f1os conviviendo con un problema persistente<\/strong><br \/>\nLa humedad por capilaridad es una de las patolog\u00edas m\u00e1s habituales en viviendas situadas en contacto directo con el terreno. Manchas en las paredes, pintura deteriorada, olor a humedad y un ambiente interior menos saludable son algunas de las consecuencias que pueden prolongarse durante a\u00f1os si no se act\u00faa sobre el origen del problema.<\/p>\n<p>Este fue el caso de <a href=\"https:\/\/www.tiktok.com\/@mercheegutierrez86?_r=1&amp;_t=ZN-94crnrCoTQ6\" rel=\"nofollow noopener\" target=\"_blank\"><strong>Mercedes Guti\u00e9rrez<\/strong><\/a>, vecina de Valladolid, que llevaba <strong>ocho a\u00f1os conviviendo con humedad por capilaridad en su vivienda<\/strong>. Durante todo ese tiempo prob\u00f3 diferentes soluciones que promet\u00edan acabar con el problema: deshumidificadores, productos espec\u00edficos, lej\u00eda, pinturas antihumedad y distintos tratamientos destinados a mejorar el aspecto de las paredes.<\/p>\n<p>Sin embargo, la humedad segu\u00eda reapareciendo.<\/p>\n<p><strong>Cuando la humedad se convierte en una preocupaci\u00f3n para la salud<\/strong><br \/>\nM\u00e1s all\u00e1 del deterioro de las paredes, Mercedes ten\u00eda una preocupaci\u00f3n clara: la salud dentro de su hogar. Con <strong>hijos peque\u00f1os en casa<\/strong>, la presencia constante de humedad le preocupaba especialmente, ya que este tipo de ambientes favorecen la aparici\u00f3n de moho y afectan a la calidad del aire interior.<\/p>\n<p>Tras a\u00f1os probando soluciones que no resolv\u00edan el problema de forma definitiva, decidi\u00f3 cambiar de estrategia.<\/p>\n<p><strong>Un reto p\u00fablico para las empresas del sector<\/strong><br \/>\nMercedes decidi\u00f3 <strong>poner a prueba a las empresas especializadas en humedades<\/strong>. A trav\u00e9s de sus redes sociales explic\u00f3 su situaci\u00f3n y anunci\u00f3 que documentar\u00eda p\u00fablicamente todo el proceso para comprobar si alguna empresa era realmente capaz de resolver su problema.<\/p>\n<p>El planteamiento era sencillo: grabar\u00eda la evoluci\u00f3n de la pared y contar\u00eda a sus seguidores si el sistema funcionaba o no.<\/p>\n<p>Entre las distintas propuestas que recibi\u00f3, <strong>solo acept\u00f3 una empresa para realizar la prueba: <a href=\"https:\/\/humix.es\/\" rel=\"nofollow noopener\" target=\"_blank\">Humix<\/a><\/strong>.<\/p>\n<p><strong>Mediciones iniciales con un alto nivel de humedad<\/strong><br \/>\nAntes de la instalaci\u00f3n del sistema, el equipo t\u00e9cnico realiz\u00f3 mediciones para analizar el nivel de humedad presente en los muros de la vivienda. Los resultados mostraban <strong>un porcentaje de humedad muy elevado<\/strong>, algo habitual en viviendas que llevan a\u00f1os afectadas por capilaridad.<\/p>\n<p>La humedad por capilaridad se produce cuando el agua del subsuelo asciende por los materiales del muro, manteniendo las paredes constantemente h\u00famedas mientras exista contacto con el terreno.<\/p>\n<p><strong>Tres meses despu\u00e9s: una reducci\u00f3n clara de la humedad<\/strong><br \/>\nTras la instalaci\u00f3n del sistema, el equipo regres\u00f3 a la vivienda para realizar nuevas mediciones y comprobar la evoluci\u00f3n de los muros.<\/p>\n<p>Los resultados fueron claros: <strong>en menos de tres meses el nivel de humedad hab\u00eda descendido de forma notable<\/strong>. Este descenso tambi\u00e9n comenz\u00f3 a reflejarse en el estado visible de la pared, que inici\u00f3 su proceso natural de secado.<\/p>\n<p>Cuando se consigue detener el ascenso del agua desde el terreno, los muros dejan de absorber humedad y comienzan a secarse de forma progresiva con el tiempo.<\/p>\n<p><strong>Un caso real documentado en redes sociales<\/strong><br \/>\nLa experiencia de Mercedes refleja una situaci\u00f3n que viven muchas viviendas afectadas por capilaridad: a\u00f1os de soluciones superficiales que no logran resolver el origen del problema.<\/p>\n<p>En su caso, lo que comenz\u00f3 como un reto p\u00fablico para comprobar si una empresa pod\u00eda solucionar su situaci\u00f3n, se ha convertido en <strong>un caso real documentado en redes sociales donde la mejora en los muros ha sido visible en pocos meses<\/strong>.<\/p>\n<p>Para muchas viviendas que conviven con este tipo de humedad estructural, actuar sobre la causa \u2014y no solo sobre las manchas visibles\u2014 puede marcar la diferencia entre seguir luchando contra el problema o empezar a ver c\u00f3mo las paredes vuelven a secarse.<\/p>\n<\/div>\n\n\n<div class=\"kk-star-ratings kksr-auto kksr-align-right kksr-valign-bottom\"\n    data-payload='{&quot;align&quot;:&quot;right&quot;,&quot;id&quot;:&quot;7899&quot;,&quot;slug&quot;:&quot;default&quot;,&quot;valign&quot;:&quot;bottom&quot;,&quot;ignore&quot;:&quot;&quot;,&quot;reference&quot;:&quot;auto&quot;,&quot;class&quot;:&quot;&quot;,&quot;count&quot;:&quot;0&quot;,&quot;legendonly&quot;:&quot;&quot;,&quot;readonly&quot;:&quot;&quot;,&quot;score&quot;:&quot;0&quot;,&quot;starsonly&quot;:&quot;&quot;,&quot;best&quot;:&quot;5&quot;,&quot;gap&quot;:&quot;8&quot;,&quot;greet&quot;:&quot;Valora este art\u00edculo. GRACIAS!&quot;,&quot;legend&quot;:&quot;0\\\/5 - (0 votos)&quot;,&quot;size&quot;:&quot;31&quot;,&quot;title&quot;:&quot;Ocho a\u00f1os con humedad en casa: una vecina de Valladolid documenta c\u00f3mo su pared se seca en tres meses&quot;,&quot;width&quot;:&quot;0&quot;,&quot;_legend&quot;:&quot;{score}\\\/{best} - ({count} {votes})&quot;,&quot;font_factor&quot;:&quot;1.25&quot;}'>\n            \n<div class=\"kksr-stars\">\n    \n<div class=\"kksr-stars-inactive\">\n            <div class=\"kksr-star\" data-star=\"1\" style=\"padding-right: 8px\">\n            \n\n<div class=\"kksr-icon\" style=\"width: 31px; height: 31px;\"><\/div>\n        <\/div>\n            <div class=\"kksr-star\" data-star=\"2\" style=\"padding-right: 8px\">\n            \n\n<div class=\"kksr-icon\" style=\"width: 31px; height: 31px;\"><\/div>\n        <\/div>\n            <div class=\"kksr-star\" data-star=\"3\" style=\"padding-right: 8px\">\n            \n\n<div class=\"kksr-icon\" style=\"width: 31px; height: 31px;\"><\/div>\n        <\/div>\n            <div class=\"kksr-star\" data-star=\"4\" style=\"padding-right: 8px\">\n            \n\n<div class=\"kksr-icon\" style=\"width: 31px; height: 31px;\"><\/div>\n        <\/div>\n            <div class=\"kksr-star\" data-star=\"5\" style=\"padding-right: 8px\">\n            \n\n<div class=\"kksr-icon\" style=\"width: 31px; height: 31px;\"><\/div>\n        <\/div>\n    <\/div>\n    \n<div class=\"kksr-stars-active\" style=\"width: 0px;\">\n            <div class=\"kksr-star\" style=\"padding-right: 8px\">\n            \n\n<div class=\"kksr-icon\" style=\"width: 31px; height: 31px;\"><\/div>\n        <\/div>\n            <div class=\"kksr-star\" style=\"padding-right: 8px\">\n            \n\n<div class=\"kksr-icon\" style=\"width: 31px; height: 31px;\"><\/div>\n        <\/div>\n            <div class=\"kksr-star\" style=\"padding-right: 8px\">\n            \n\n<div class=\"kksr-icon\" style=\"width: 31px; height: 31px;\"><\/div>\n        <\/div>\n            <div class=\"kksr-star\" style=\"padding-right: 8px\">\n            \n\n<div class=\"kksr-icon\" style=\"width: 31px; height: 31px;\"><\/div>\n        <\/div>\n            <div class=\"kksr-star\" style=\"padding-right: 8px\">\n            \n\n<div class=\"kksr-icon\" style=\"width: 31px; height: 31px;\"><\/div>\n        <\/div>\n    <\/div>\n<\/div>\n                \n\n<div class=\"kksr-legend\" style=\"font-size: 24.8px;\">\n            <span class=\"kksr-muted\">Valora este art\u00edculo. GRACIAS!<\/span>\n    <\/div>\n    <\/div>\n","protected":false},"excerpt":{"rendered":"<div>Tras ocho a\u00f1os conviviendo con humedad por capilaridad en su vivienda, Mercedes Guti\u00e9rrez, vecina de Valladolid, decidi\u00f3 poner a prueba p\u00fablicamente a las empresas del sector. Document\u00f3 el proceso en redes sociales y, tres meses despu\u00e9s de la instalaci\u00f3n del sistema Humix, las mediciones mostraron una reducci\u00f3n significativa de la humedad en los muros de su casa<\/div>\n","protected":false},"author":3,"featured_media":7900,"comment_status":"closed","ping_status":"open","sticky":false,"template":"","format":"standard","meta":{"footnotes":""},"categories":[1],"tags":[],"class_list":["post-7899","post","type-post","status-publish","format-standard","has-post-thumbnail","hentry","category-actualidad-y-novedades"],"_links":{"self":[{"href":"https:\/\/www.portalcerrajeros.es\/prensa\/wp-json\/wp\/v2\/posts\/7899","targetHints":{"allow":["GET"]}}],"collection":[{"href":"https:\/\/www.portalcerrajeros.es\/prensa\/wp-json\/wp\/v2\/posts"}],"about":[{"href":"https:\/\/www.portalcerrajeros.es\/prensa\/wp-json\/wp\/v2\/types\/post"}],"author":[{"embeddable":true,"href":"https:\/\/www.portalcerrajeros.es\/prensa\/wp-json\/wp\/v2\/users\/3"}],"replies":[{"embeddable":true,"href":"https:\/\/www.portalcerrajeros.es\/prensa\/wp-json\/wp\/v2\/comments?post=7899"}],"version-history":[{"count":0,"href":"https:\/\/www.portalcerrajeros.es\/prensa\/wp-json\/wp\/v2\/posts\/7899\/revisions"}],"wp:featuredmedia":[{"embeddable":true,"href":"https:\/\/www.portalcerrajeros.es\/prensa\/wp-json\/wp\/v2\/media\/7900"}],"wp:attachment":[{"href":"https:\/\/www.portalcerrajeros.es\/prensa\/wp-json\/wp\/v2\/media?parent=7899"}],"wp:term":[{"taxonomy":"category","embeddable":true,"href":"https:\/\/www.portalcerrajeros.es\/prensa\/wp-json\/wp\/v2\/categories?post=7899"},{"taxonomy":"post_tag","embeddable":true,"href":"https:\/\/www.portalcerrajeros.es\/prensa\/wp-json\/wp\/v2\/tags?post=7899"}],"curies":[{"name":"wp","href":"https:\/\/api.w.org\/{rel}","templated":true}]}}