{"id":7897,"date":"2026-03-12T15:03:01","date_gmt":"2026-03-12T13:03:01","guid":{"rendered":"https:\/\/www.portalcerrajeros.es\/prensa\/first-stop-anuncia-en-su-convencion-nacional-anual-2026-sus-nuevas-herramientas-de-gestion\/"},"modified":"2026-03-12T15:03:01","modified_gmt":"2026-03-12T13:03:01","slug":"first-stop-anuncia-en-su-convencion-nacional-anual-2026-sus-nuevas-herramientas-de-gestion","status":"publish","type":"post","link":"https:\/\/www.portalcerrajeros.es\/prensa\/first-stop-anuncia-en-su-convencion-nacional-anual-2026-sus-nuevas-herramientas-de-gestion\/","title":{"rendered":"First Stop anuncia en su Convenci\u00f3n Nacional Anual 2026 sus nuevas herramientas de gesti\u00f3n"},"content":{"rendered":"<div>\n<p><a href=\"https:\/\/www.portalcerrajeros.es\/prensa\/wp-content\/uploads\/2026\/03\/Equipo_First_Stop.jpg\" target=\"_blank\" class=\"fotonota\"> <\/a><\/p>\n<p>La compa\u00f1\u00eda present\u00f3 Give &amp; Take, un novedoso programa que ofrece recursos adaptados a necesidades espec\u00edficas, impulsando la colaboraci\u00f3n y el crecimiento conjunto de la red<\/p>\n<p><\/p>\n<p><a href=\"https:\/\/urldefense.com\/v3\/__https:\/eur01.safelinks.protection.outlook.com\/?url=https*3A*2F*2Fwww.firststop.es*2Fes&amp;data=04*7C01*7Cestibaliz.gancedo*40bridgestone.eu*7C940cc1b709524c7a062908d9d750c752*7Ca1fdea5632014d009b76661338850557*7C0*7C0*7C637777564372446283*7CUnknown*7CTWFpbGZsb3d8eyJWIjoiMC4wLjAwMDAiLCJQIjoiV2luMzIiLCJBTiI6Ik1haWwiLCJXVCI6Mn0*3D*7C3000&amp;sdata=MKdYomOsFUIArX1XXro9vyJ6XQWB1sAOyMdfdFm0bjI*3D&amp;reserved=0__;JSUlJSUlJSUlJSUlJSUlJSU!!OrxsNty6D4my!ucsunFCGX8EyRIlXyD7_gALlc_MtRWBIJIWcTHQMnUwVW4FdHLK0yoRJTgqScYXyc2jJITSzSDAm24lmjQ%24\" rel=\"nofollow noopener\" target=\"_blank\">First Stop,<\/a> red de talleres especializados en neum\u00e1ticos y mantenimiento integral del autom\u00f3vil, <strong>ha celebrado en Toledo su Convenci\u00f3n Nacional Anual 2026. <\/strong>Este encuentro <strong>reuni\u00f3 a m\u00e1s de 300 representantes de talleres asociados y equipos de la compa\u00f1\u00eda <\/strong>procedentes de todas las regiones de Espa\u00f1a. La cita sirvi\u00f3 para analizar la evoluci\u00f3n del negocio, presentar las l\u00edneas estrat\u00e9gicas del ejercicio y reforzar la cohesi\u00f3n de una red que contin\u00faa ampliando su presencia territorial.<\/p>\n<p><strong>Bajo el lema &#8216;Una red. Cero l\u00edmites&#8217;<\/strong>, el evento puso el foco en tres ejes principales que marcar\u00e1n la actividad de la compa\u00f1\u00eda durante el presente ejercicio: la aceleraci\u00f3n de la digitalizaci\u00f3n de los talleres, el crecimiento del negocio vinculado a flotas y la mejora de la eficiencia operativa en toda la red. La convenci\u00f3n permiti\u00f3 tambi\u00e9n revisar los resultados alcanzados en los \u00faltimos ejercicios y compartir experiencias entre los profesionales que integran la marca.<\/p>\n<p>Durante las sesiones plenarias se presentaron las principales iniciativas que marcar\u00e1n la hoja de ruta de la compa\u00f1\u00eda. Entre ellas destac\u00f3 el <strong>impulso a las plataformas digitales de gesti\u00f3n y atenci\u00f3n al cliente<\/strong>, as\u00ed como el <strong>desarrollo de nuevas herramientas de comercio electr\u00f3nico<\/strong> orientadas a facilitar la relaci\u00f3n entre el taller y el usuario final. La compa\u00f1\u00eda tambi\u00e9n subray\u00f3 el <strong>crecimiento del segmento de flotas corporativas<\/strong>, una l\u00ednea de negocio que en los \u00faltimos a\u00f1os ha registrado un notable incremento de actividad gracias a acuerdos con empresas de movilidad, renting y log\u00edstica.<\/p>\n<p>En este contexto se anunci\u00f3 tambi\u00e9n el desarrollo del programa <strong>Give &amp; Take<\/strong>, un modelo de colaboraci\u00f3n flexible dise\u00f1ado para adaptar los servicios de la red a las distintas realidades de los talleres asociados. El <strong>programa combina formaci\u00f3n t\u00e9cnica continua, herramientas digitales, programas de fidelizaci\u00f3n y apoyo en la gesti\u00f3n empresarial<\/strong>, con el objetivo de reforzar la competitividad de los establecimientos y mejorar su capacidad de captaci\u00f3n y retenci\u00f3n de clientes.<\/p>\n<p>First Stop mantiene una trayectoria de crecimiento sostenido en la pen\u00ednsula ib\u00e9rica, consolidando uno de los mayores entramados de servicios de mantenimiento del autom\u00f3vil del mercado. A nivel europeo, la compa\u00f1\u00eda cuenta con m\u00e1s de 2.000 puntos de servicio en 25 pa\u00edses, lo que la sit\u00faa <strong>entre las principales redes independientes del continente. <\/strong>En Espa\u00f1a, adem\u00e1s,<strong> First Stop fue la primera red de talleres certificada por T\u00dcV S\u00dcD en est\u00e1ndares de calidad y seguridad<\/strong>, una acreditaci\u00f3n que avala la homogeneidad de sus procesos y la profesionalizaci\u00f3n de sus establecimientos.<\/p>\n<p>La elecci\u00f3n de <strong>Toledo<\/strong> como sede del encuentro responde tanto a su proximidad geogr\u00e1fica con los principales mercados de la regi\u00f3n como a su <strong>consolidaci\u00f3n como destino para eventos corporativos<\/strong>. Durante dos jornadas, los asistentes participaron en presentaciones estrat\u00e9gicas, sesiones de trabajo y actividades de networking orientadas a fortalecer las relaciones entre los distintos miembros de la red. El programa se complement\u00f3 con una <strong>cena y espect\u00e1culo en Puy du Fou Espa\u00f1a<\/strong>, que ofreci\u00f3 a los participantes una experiencia cultural y de ocio diferente en un entorno \u00fanico.<\/p>\n<p>Con m\u00e1s de <strong>25 a\u00f1os de trayectoria en Europa<\/strong>, First Stop contin\u00faa apostando por un modelo basado en la especializaci\u00f3n t\u00e9cnica, la colaboraci\u00f3n entre talleres independientes y el respaldo de un grupo industrial como Bridgestone. La red ofrece servicios integrales de neum\u00e1ticos, mantenimiento y mec\u00e1nica r\u00e1pida, dirigidos tanto a clientes particulares como a empresas y grandes flotas, con el objetivo de mejorar la seguridad, la eficiencia y la movilidad de los veh\u00edculos en circulaci\u00f3n.<\/p>\n<\/div>\n\n\n<div class=\"kk-star-ratings kksr-auto kksr-align-right kksr-valign-bottom\"\n    data-payload='{&quot;align&quot;:&quot;right&quot;,&quot;id&quot;:&quot;7897&quot;,&quot;slug&quot;:&quot;default&quot;,&quot;valign&quot;:&quot;bottom&quot;,&quot;ignore&quot;:&quot;&quot;,&quot;reference&quot;:&quot;auto&quot;,&quot;class&quot;:&quot;&quot;,&quot;count&quot;:&quot;0&quot;,&quot;legendonly&quot;:&quot;&quot;,&quot;readonly&quot;:&quot;&quot;,&quot;score&quot;:&quot;0&quot;,&quot;starsonly&quot;:&quot;&quot;,&quot;best&quot;:&quot;5&quot;,&quot;gap&quot;:&quot;8&quot;,&quot;greet&quot;:&quot;Valora este art\u00edculo. GRACIAS!&quot;,&quot;legend&quot;:&quot;0\\\/5 - (0 votos)&quot;,&quot;size&quot;:&quot;31&quot;,&quot;title&quot;:&quot;First Stop anuncia en su Convenci\u00f3n Nacional Anual 2026 sus nuevas herramientas de gesti\u00f3n&quot;,&quot;width&quot;:&quot;0&quot;,&quot;_legend&quot;:&quot;{score}\\\/{best} - ({count} {votes})&quot;,&quot;font_factor&quot;:&quot;1.25&quot;}'>\n            \n<div class=\"kksr-stars\">\n    \n<div class=\"kksr-stars-inactive\">\n            <div class=\"kksr-star\" data-star=\"1\" style=\"padding-right: 8px\">\n            \n\n<div class=\"kksr-icon\" style=\"width: 31px; height: 31px;\"><\/div>\n        <\/div>\n            <div class=\"kksr-star\" data-star=\"2\" style=\"padding-right: 8px\">\n            \n\n<div class=\"kksr-icon\" style=\"width: 31px; height: 31px;\"><\/div>\n        <\/div>\n            <div class=\"kksr-star\" data-star=\"3\" style=\"padding-right: 8px\">\n            \n\n<div class=\"kksr-icon\" style=\"width: 31px; height: 31px;\"><\/div>\n        <\/div>\n            <div class=\"kksr-star\" data-star=\"4\" style=\"padding-right: 8px\">\n            \n\n<div class=\"kksr-icon\" style=\"width: 31px; height: 31px;\"><\/div>\n        <\/div>\n            <div class=\"kksr-star\" data-star=\"5\" style=\"padding-right: 8px\">\n            \n\n<div class=\"kksr-icon\" style=\"width: 31px; height: 31px;\"><\/div>\n        <\/div>\n    <\/div>\n    \n<div class=\"kksr-stars-active\" style=\"width: 0px;\">\n            <div class=\"kksr-star\" style=\"padding-right: 8px\">\n            \n\n<div class=\"kksr-icon\" style=\"width: 31px; height: 31px;\"><\/div>\n        <\/div>\n            <div class=\"kksr-star\" style=\"padding-right: 8px\">\n            \n\n<div class=\"kksr-icon\" style=\"width: 31px; height: 31px;\"><\/div>\n        <\/div>\n            <div class=\"kksr-star\" style=\"padding-right: 8px\">\n            \n\n<div class=\"kksr-icon\" style=\"width: 31px; height: 31px;\"><\/div>\n        <\/div>\n            <div class=\"kksr-star\" style=\"padding-right: 8px\">\n            \n\n<div class=\"kksr-icon\" style=\"width: 31px; height: 31px;\"><\/div>\n        <\/div>\n            <div class=\"kksr-star\" style=\"padding-right: 8px\">\n            \n\n<div class=\"kksr-icon\" style=\"width: 31px; height: 31px;\"><\/div>\n        <\/div>\n    <\/div>\n<\/div>\n                \n\n<div class=\"kksr-legend\" style=\"font-size: 24.8px;\">\n            <span class=\"kksr-muted\">Valora este art\u00edculo. GRACIAS!<\/span>\n    <\/div>\n    <\/div>\n","protected":false},"excerpt":{"rendered":"<div>La compa\u00f1\u00eda present\u00f3 Give &amp; Take, un novedoso programa que ofrece recursos adaptados a necesidades espec\u00edficas, impulsando la colaboraci\u00f3n y el crecimiento conjunto de la red<\/div>\n","protected":false},"author":3,"featured_media":7898,"comment_status":"closed","ping_status":"open","sticky":false,"template":"","format":"standard","meta":{"footnotes":""},"categories":[1],"tags":[],"class_list":["post-7897","post","type-post","status-publish","format-standard","has-post-thumbnail","hentry","category-actualidad-y-novedades"],"_links":{"self":[{"href":"https:\/\/www.portalcerrajeros.es\/prensa\/wp-json\/wp\/v2\/posts\/7897","targetHints":{"allow":["GET"]}}],"collection":[{"href":"https:\/\/www.portalcerrajeros.es\/prensa\/wp-json\/wp\/v2\/posts"}],"about":[{"href":"https:\/\/www.portalcerrajeros.es\/prensa\/wp-json\/wp\/v2\/types\/post"}],"author":[{"embeddable":true,"href":"https:\/\/www.portalcerrajeros.es\/prensa\/wp-json\/wp\/v2\/users\/3"}],"replies":[{"embeddable":true,"href":"https:\/\/www.portalcerrajeros.es\/prensa\/wp-json\/wp\/v2\/comments?post=7897"}],"version-history":[{"count":0,"href":"https:\/\/www.portalcerrajeros.es\/prensa\/wp-json\/wp\/v2\/posts\/7897\/revisions"}],"wp:featuredmedia":[{"embeddable":true,"href":"https:\/\/www.portalcerrajeros.es\/prensa\/wp-json\/wp\/v2\/media\/7898"}],"wp:attachment":[{"href":"https:\/\/www.portalcerrajeros.es\/prensa\/wp-json\/wp\/v2\/media?parent=7897"}],"wp:term":[{"taxonomy":"category","embeddable":true,"href":"https:\/\/www.portalcerrajeros.es\/prensa\/wp-json\/wp\/v2\/categories?post=7897"},{"taxonomy":"post_tag","embeddable":true,"href":"https:\/\/www.portalcerrajeros.es\/prensa\/wp-json\/wp\/v2\/tags?post=7897"}],"curies":[{"name":"wp","href":"https:\/\/api.w.org\/{rel}","templated":true}]}}