{"id":7500,"date":"2025-09-05T15:00:17","date_gmt":"2025-09-05T13:00:17","guid":{"rendered":"https:\/\/portalcerrajeros.es\/prensa\/la-nueva-tendencia-en-organizacion-trasteros-libres-de-objetos-inutiles-y-mas-funcionales\/"},"modified":"2025-09-05T15:00:17","modified_gmt":"2025-09-05T13:00:17","slug":"la-nueva-tendencia-en-organizacion-trasteros-libres-de-objetos-inutiles-y-mas-funcionales","status":"publish","type":"post","link":"https:\/\/www.portalcerrajeros.es\/prensa\/la-nueva-tendencia-en-organizacion-trasteros-libres-de-objetos-inutiles-y-mas-funcionales\/","title":{"rendered":"La nueva tendencia en organizaci\u00f3n: trasteros libres de objetos in\u00fatiles y m\u00e1s funcionales"},"content":{"rendered":"<div>\n<p>Trastero Sevilla se hace eco de la informaci\u00f3n lanzada por Elle Decor sobre los consejos y tendencias para aprovechar bien el espacio de los trasteros<\/p>\n<p><\/p>\n<p>Trastero Sevilla, una empresa de <a href=\"https:\/\/tutrasterosevilla.es\/\" rel=\"nofollow noopener\" target=\"_blank\">trasteros en Sevilla<\/a> donde se puede\u00a0encontrar y contratar un <a href=\"https:\/\/tutrasterosevilla.es\/\" rel=\"nofollow noopener\" target=\"_blank\">trastero en Sevilla<\/a>, se hace eco de la informaci\u00f3n publicada por la revista Elle Decor sobre los consejos para hacer de este espacio algo funcional y \u00fatil. El trastero, ese espacio que muchos consideran secundario dentro del hogar, est\u00e1 ganando protagonismo como una zona clave para la organizaci\u00f3n dom\u00e9stica. Cada vez m\u00e1s expertos en orden coinciden en que no se trata solo de un lugar para acumular pertenencias, sino de un \u00e1rea con gran potencial para optimizar la vida diaria si se utiliza de manera inteligente.<\/p>\n<p>Durante a\u00f1os, los trasteros han servido como refugio para lo que no se usa a menudo: muebles antiguos, cajas con ropa olvidada, aparatos electr\u00f3nicos en desuso o decoraci\u00f3n de temporadas pasadas. Sin embargo, la acumulaci\u00f3n excesiva puede convertirlos en espacios ca\u00f3ticos, rest\u00e1ndoles la funcionalidad que realmente pueden ofrecer.<\/p>\n<p>La nueva filosof\u00eda de organizaci\u00f3n defiende que el trastero debe ser pr\u00e1ctico, accesible y contener \u00fanicamente objetos que tengan un uso real o un valor claramente definido.<\/p>\n<p>Especialistas en organizaci\u00f3n recomiendan revisar a fondo lo que se guarda en estos espacios. Entre los elementos que suelen ocupar m\u00e1s sitio sin aportar utilidad se encuentran:<\/p>\n<ul>\n<li><strong>Tecnolog\u00eda obsoleta<\/strong>, como m\u00f3viles, ordenadores port\u00e1tiles o cables que ya no funcionan.<br \/>\n\t\u00a0<\/li>\n<li><strong>Decoraci\u00f3n estacional<\/strong> que nunca se utiliza y permanece en cajas durante a\u00f1os.<br \/>\n\t\u00a0<\/li>\n<li><strong>Documentos en papel acumulados<\/strong> que podr\u00edan digitalizarse para liberar espacio.<br \/>\n\t\u00a0<\/li>\n<li><strong>Muebles da\u00f1ados o incompletos<\/strong>, dif\u00edciles de reparar o de reutilizar.<br \/>\n\t\u00a0<\/li>\n<li><strong>Ropa en mal estado o sin uso prolongado<\/strong>, que puede destinarse a donaci\u00f3n o reciclaje.<br \/>\n\t\u00a0<\/li>\n<li><strong>Electrodom\u00e9sticos averiados<\/strong>, que rara vez se reparan una vez apartados.<br \/>\n\t\u00a0<\/li>\n<li><strong>Juguetes olvidados<\/strong>, que otros ni\u00f1os podr\u00edan aprovechar.<br \/>\n\t\u00a0<\/li>\n<li><strong>Productos caducados<\/strong>, como pinturas, disolventes o productos de limpieza, que adem\u00e1s de ocupar espacio pueden resultar poco seguros.<br \/>\n\t\u00a0<\/li>\n<\/ul>\n<p>El primer paso para recuperar un trastero es realizar un inventario de todo lo que contiene. Esta tarea, que puede parecer laboriosa, permite identificar qu\u00e9 merece conservarse, qu\u00e9 conviene donar y qu\u00e9 debe reciclarse. De esta forma, se convierte en un espacio \u00fatil para guardar \u00fanicamente aquello que aporta valor real a la vida cotidiana.<\/p>\n<p>Un trastero en orden no solo ahorra tiempo a la hora de buscar objetos, sino que tambi\u00e9n genera bienestar. La sensaci\u00f3n de limpieza y funcionalidad contribuye a reducir el estr\u00e9s, aporta claridad mental y ayuda a mantener el hogar m\u00e1s organizado en su conjunto.<\/p>\n<p>Adem\u00e1s, liberar espacio en esta \u00e1rea facilita aprovecharlo para almacenar lo verdaderamente importante: equipaje, material deportivo, herramientas o recuerdos familiares bien conservados.<\/p>\n<\/div>\n\n\n<div class=\"kk-star-ratings kksr-auto kksr-align-right kksr-valign-bottom\"\n    data-payload='{&quot;align&quot;:&quot;right&quot;,&quot;id&quot;:&quot;7500&quot;,&quot;slug&quot;:&quot;default&quot;,&quot;valign&quot;:&quot;bottom&quot;,&quot;ignore&quot;:&quot;&quot;,&quot;reference&quot;:&quot;auto&quot;,&quot;class&quot;:&quot;&quot;,&quot;count&quot;:&quot;0&quot;,&quot;legendonly&quot;:&quot;&quot;,&quot;readonly&quot;:&quot;&quot;,&quot;score&quot;:&quot;0&quot;,&quot;starsonly&quot;:&quot;&quot;,&quot;best&quot;:&quot;5&quot;,&quot;gap&quot;:&quot;8&quot;,&quot;greet&quot;:&quot;Valora este art\u00edculo. GRACIAS!&quot;,&quot;legend&quot;:&quot;0\\\/5 - (0 votos)&quot;,&quot;size&quot;:&quot;31&quot;,&quot;title&quot;:&quot;La nueva tendencia en organizaci\u00f3n: trasteros libres de objetos in\u00fatiles y m\u00e1s funcionales&quot;,&quot;width&quot;:&quot;0&quot;,&quot;_legend&quot;:&quot;{score}\\\/{best} - ({count} {votes})&quot;,&quot;font_factor&quot;:&quot;1.25&quot;}'>\n            \n<div class=\"kksr-stars\">\n    \n<div class=\"kksr-stars-inactive\">\n            <div class=\"kksr-star\" data-star=\"1\" style=\"padding-right: 8px\">\n            \n\n<div class=\"kksr-icon\" style=\"width: 31px; height: 31px;\"><\/div>\n        <\/div>\n            <div class=\"kksr-star\" data-star=\"2\" style=\"padding-right: 8px\">\n            \n\n<div class=\"kksr-icon\" style=\"width: 31px; height: 31px;\"><\/div>\n        <\/div>\n            <div class=\"kksr-star\" data-star=\"3\" style=\"padding-right: 8px\">\n            \n\n<div class=\"kksr-icon\" style=\"width: 31px; height: 31px;\"><\/div>\n        <\/div>\n            <div class=\"kksr-star\" data-star=\"4\" style=\"padding-right: 8px\">\n            \n\n<div class=\"kksr-icon\" style=\"width: 31px; height: 31px;\"><\/div>\n        <\/div>\n            <div class=\"kksr-star\" data-star=\"5\" style=\"padding-right: 8px\">\n            \n\n<div class=\"kksr-icon\" style=\"width: 31px; height: 31px;\"><\/div>\n        <\/div>\n    <\/div>\n    \n<div class=\"kksr-stars-active\" style=\"width: 0px;\">\n            <div class=\"kksr-star\" style=\"padding-right: 8px\">\n            \n\n<div class=\"kksr-icon\" style=\"width: 31px; height: 31px;\"><\/div>\n        <\/div>\n            <div class=\"kksr-star\" style=\"padding-right: 8px\">\n            \n\n<div class=\"kksr-icon\" style=\"width: 31px; height: 31px;\"><\/div>\n        <\/div>\n            <div class=\"kksr-star\" style=\"padding-right: 8px\">\n            \n\n<div class=\"kksr-icon\" style=\"width: 31px; height: 31px;\"><\/div>\n        <\/div>\n            <div class=\"kksr-star\" style=\"padding-right: 8px\">\n            \n\n<div class=\"kksr-icon\" style=\"width: 31px; height: 31px;\"><\/div>\n        <\/div>\n            <div class=\"kksr-star\" style=\"padding-right: 8px\">\n            \n\n<div class=\"kksr-icon\" style=\"width: 31px; height: 31px;\"><\/div>\n        <\/div>\n    <\/div>\n<\/div>\n                \n\n<div class=\"kksr-legend\" style=\"font-size: 24.8px;\">\n            <span class=\"kksr-muted\">Valora este art\u00edculo. GRACIAS!<\/span>\n    <\/div>\n    <\/div>\n","protected":false},"excerpt":{"rendered":"<div>Trastero Sevilla se hace eco de la informaci\u00f3n lanzada por Elle Decor sobre los consejos y tendencias para aprovechar bien el espacio de los trasteros<\/div>\n","protected":false},"author":3,"featured_media":0,"comment_status":"closed","ping_status":"open","sticky":false,"template":"","format":"standard","meta":{"footnotes":""},"categories":[1],"tags":[],"class_list":["post-7500","post","type-post","status-publish","format-standard","hentry","category-actualidad-y-novedades"],"_links":{"self":[{"href":"https:\/\/www.portalcerrajeros.es\/prensa\/wp-json\/wp\/v2\/posts\/7500","targetHints":{"allow":["GET"]}}],"collection":[{"href":"https:\/\/www.portalcerrajeros.es\/prensa\/wp-json\/wp\/v2\/posts"}],"about":[{"href":"https:\/\/www.portalcerrajeros.es\/prensa\/wp-json\/wp\/v2\/types\/post"}],"author":[{"embeddable":true,"href":"https:\/\/www.portalcerrajeros.es\/prensa\/wp-json\/wp\/v2\/users\/3"}],"replies":[{"embeddable":true,"href":"https:\/\/www.portalcerrajeros.es\/prensa\/wp-json\/wp\/v2\/comments?post=7500"}],"version-history":[{"count":0,"href":"https:\/\/www.portalcerrajeros.es\/prensa\/wp-json\/wp\/v2\/posts\/7500\/revisions"}],"wp:attachment":[{"href":"https:\/\/www.portalcerrajeros.es\/prensa\/wp-json\/wp\/v2\/media?parent=7500"}],"wp:term":[{"taxonomy":"category","embeddable":true,"href":"https:\/\/www.portalcerrajeros.es\/prensa\/wp-json\/wp\/v2\/categories?post=7500"},{"taxonomy":"post_tag","embeddable":true,"href":"https:\/\/www.portalcerrajeros.es\/prensa\/wp-json\/wp\/v2\/tags?post=7500"}],"curies":[{"name":"wp","href":"https:\/\/api.w.org\/{rel}","templated":true}]}}