{"id":7468,"date":"2025-08-18T12:37:28","date_gmt":"2025-08-18T10:37:28","guid":{"rendered":"https:\/\/portalcerrajeros.es\/prensa\/fersay-incrementa-un-27-la-venta-de-recambios-para-electrodomesticos-durante-el-verano-y-consolida-el-auge-de-la-reparacion-domestica\/"},"modified":"2025-08-18T12:37:28","modified_gmt":"2025-08-18T10:37:28","slug":"fersay-incrementa-un-27-la-venta-de-recambios-para-electrodomesticos-durante-el-verano-y-consolida-el-auge-de-la-reparacion-domestica","status":"publish","type":"post","link":"https:\/\/www.portalcerrajeros.es\/prensa\/fersay-incrementa-un-27-la-venta-de-recambios-para-electrodomesticos-durante-el-verano-y-consolida-el-auge-de-la-reparacion-domestica\/","title":{"rendered":"Fersay incrementa un 27% la venta de recambios para electrodom\u00e9sticos durante el verano y consolida el auge de la reparaci\u00f3n dom\u00e9stica"},"content":{"rendered":"<div>\n<p>El avance registrado en el verano de 2025 no solo confirma el auge de la reparaci\u00f3n dom\u00e9stica, sino que posiciona a Fersay como protagonista en la transformaci\u00f3n de los h\u00e1bitos de consumo, alineando sus valores con las nuevas realidades econ\u00f3micas y ambientales de la sociedad espa\u00f1ola<\/p>\n<p><\/p>\n<p>Fersay, empresa espa\u00f1ola especializada en la distribuci\u00f3n de repuestos y accesorios para electrodom\u00e9sticos y electr\u00f3nica del hogar, ha registrado un incremento del <strong>27% en sus ventas de recambios<\/strong> durante los meses de junio y julio en comparaci\u00f3n con el mismo periodo del a\u00f1o anterior. Este resultado confirma la consolidaci\u00f3n de un cambio de h\u00e1bito en los hogares: cada vez m\u00e1s familias optan por la reparaci\u00f3n como v\u00eda para reducir gastos y actuar con responsabilidad medioambiental.<\/p>\n<p>La tendencia al alza responde a una doble motivaci\u00f3n: <strong>el control del gasto dom\u00e9stico<\/strong> en un contexto econ\u00f3mico marcado a\u00fan por la inflaci\u00f3n, y una creciente <strong>conciencia ambiental<\/strong> que anima a prolongar la vida \u00fatil de los aparatos.<\/p>\n<p>Frente a la sustituci\u00f3n completa, muchas aver\u00edas se resuelven con peque\u00f1as piezas o sencillos recambios, lo que permite seguir utilizando el equipo durante a\u00f1os y evitar la generaci\u00f3n de residuos innecesarios. \u00abEl verano es una de las \u00e9pocas del a\u00f1o con mayor n\u00famero de aver\u00edas\u00bb, explica <strong>Noelia Carrasco, directora de Marketing de Fersay<\/strong>. \u00abElectrodom\u00e9sticos como neveras, congeladores, frigor\u00edficos y aires acondicionados trabajan al l\u00edmite por las altas temperaturas y su uso intensivo. De ah\u00ed que aumente la demanda de bombas, filtros, motores o mandos, tanto por parte de consumidores particulares como de profesionales del sector, que apuestan por la reparaci\u00f3n como soluci\u00f3n pr\u00e1ctica y sostenible\u00bb.<\/p>\n<p>Con m\u00e1s de <strong>150.000 referencias en stock<\/strong>, <strong>Fersay<\/strong> se ha consolidado como <em>empresa l\u00edder<\/em> en el canal de postventa para el hogar, ofreciendo respuesta inmediata a t\u00e9cnicos, instaladores y consumidores. Su red log\u00edstica permite <strong>entregas en 24-48 horas<\/strong> en Espa\u00f1a y Portugal, e impulsa un cat\u00e1logo adaptado a la constante evoluci\u00f3n del mercado. La compa\u00f1\u00eda, cuya sede central se encuentra en <strong>Villalbilla (Madrid)<\/strong>, pertenece al <strong>Grupo Etco<\/strong>, fue fundada en <strong>1979<\/strong> y est\u00e1 presente en <strong>37 pa\u00edses<\/strong>, con una red que incluye <strong>9 tiendas franquiciadas<\/strong> y <strong>79 corners<\/strong> en puntos de venta especializados.<\/p>\n<p>En los \u00faltimos a\u00f1os, Fersay ha reforzado su compromiso con el consumo eficiente a trav\u00e9s de la <strong>digitalizaci\u00f3n de procesos<\/strong>, la <strong>formaci\u00f3n t\u00e9cnica de sus clientes<\/strong> y la <strong>ampliaci\u00f3n de su marca propia<\/strong>, que ya supera <strong>los 300 productos<\/strong> de peque\u00f1o aparato electrodom\u00e9stico y accesorios. Adem\u00e1s, lanza una <strong>media de diez novedades diarias<\/strong>, adaptadas a las necesidades reales del mercado y respaldadas por campa\u00f1as espec\u00edficas de divulgaci\u00f3n.<\/p>\n<p>Este crecimiento sostenido demuestra que reparar es una decisi\u00f3n econ\u00f3micamente inteligente y medioambientalmente responsable. Fersay no solo responde con agilidad a las exigencias del cliente actual, sino que lo acompa\u00f1a en una transformaci\u00f3n profunda de los h\u00e1bitos de consumo, ofreciendo soluciones reales, cercanas y sostenibles.<\/p>\n<p><strong>Innovaci\u00f3n, digitalizaci\u00f3n y orientaci\u00f3n al cliente<\/strong><br \/>\nEn los \u00faltimos a\u00f1os, Fersay ha apostado por la digitalizaci\u00f3n y la mejora continua del servicio, facilitando la compra tanto a profesionales como a particulares y adapt\u00e1ndose a las nuevas tendencias de consumo responsable. La compa\u00f1\u00eda ampl\u00eda cada a\u00f1o su gama de productos de marca propia, que ya supera los 300 art\u00edculos de peque\u00f1o aparato electrodom\u00e9stico y accesorios, y lanza una media de diez novedades al d\u00eda, gestionadas a trav\u00e9s de campa\u00f1as espec\u00edficas y formaci\u00f3n a su red de clientes profesionales.<\/p>\n<p>\u00abEste aniversario y la renovaci\u00f3n de nuestra imagen marcan el inicio de una nueva etapa de crecimiento, innovaci\u00f3n y compromiso con la sostenibilidad, que nos permitir\u00e1 seguir liderando el sector y aportando valor a nuestros clientes y colaboradores\u00bb, a\u00f1ade Carrasco.<\/p>\n<\/div>\n\n\n<div class=\"kk-star-ratings kksr-auto kksr-align-right kksr-valign-bottom\"\n    data-payload='{&quot;align&quot;:&quot;right&quot;,&quot;id&quot;:&quot;7468&quot;,&quot;slug&quot;:&quot;default&quot;,&quot;valign&quot;:&quot;bottom&quot;,&quot;ignore&quot;:&quot;&quot;,&quot;reference&quot;:&quot;auto&quot;,&quot;class&quot;:&quot;&quot;,&quot;count&quot;:&quot;0&quot;,&quot;legendonly&quot;:&quot;&quot;,&quot;readonly&quot;:&quot;&quot;,&quot;score&quot;:&quot;0&quot;,&quot;starsonly&quot;:&quot;&quot;,&quot;best&quot;:&quot;5&quot;,&quot;gap&quot;:&quot;8&quot;,&quot;greet&quot;:&quot;Valora este art\u00edculo. GRACIAS!&quot;,&quot;legend&quot;:&quot;0\\\/5 - (0 votos)&quot;,&quot;size&quot;:&quot;31&quot;,&quot;title&quot;:&quot;Fersay incrementa un 27% la venta de recambios para electrodom\u00e9sticos durante el verano y consolida el auge de la reparaci\u00f3n dom\u00e9stica&quot;,&quot;width&quot;:&quot;0&quot;,&quot;_legend&quot;:&quot;{score}\\\/{best} - ({count} {votes})&quot;,&quot;font_factor&quot;:&quot;1.25&quot;}'>\n            \n<div class=\"kksr-stars\">\n    \n<div class=\"kksr-stars-inactive\">\n            <div class=\"kksr-star\" data-star=\"1\" style=\"padding-right: 8px\">\n            \n\n<div class=\"kksr-icon\" style=\"width: 31px; height: 31px;\"><\/div>\n        <\/div>\n            <div class=\"kksr-star\" data-star=\"2\" style=\"padding-right: 8px\">\n            \n\n<div class=\"kksr-icon\" style=\"width: 31px; height: 31px;\"><\/div>\n        <\/div>\n            <div class=\"kksr-star\" data-star=\"3\" style=\"padding-right: 8px\">\n            \n\n<div class=\"kksr-icon\" style=\"width: 31px; height: 31px;\"><\/div>\n        <\/div>\n            <div class=\"kksr-star\" data-star=\"4\" style=\"padding-right: 8px\">\n            \n\n<div class=\"kksr-icon\" style=\"width: 31px; height: 31px;\"><\/div>\n        <\/div>\n            <div class=\"kksr-star\" data-star=\"5\" style=\"padding-right: 8px\">\n            \n\n<div class=\"kksr-icon\" style=\"width: 31px; height: 31px;\"><\/div>\n        <\/div>\n    <\/div>\n    \n<div class=\"kksr-stars-active\" style=\"width: 0px;\">\n            <div class=\"kksr-star\" style=\"padding-right: 8px\">\n            \n\n<div class=\"kksr-icon\" style=\"width: 31px; height: 31px;\"><\/div>\n        <\/div>\n            <div class=\"kksr-star\" style=\"padding-right: 8px\">\n            \n\n<div class=\"kksr-icon\" style=\"width: 31px; height: 31px;\"><\/div>\n        <\/div>\n            <div class=\"kksr-star\" style=\"padding-right: 8px\">\n            \n\n<div class=\"kksr-icon\" style=\"width: 31px; height: 31px;\"><\/div>\n        <\/div>\n            <div class=\"kksr-star\" style=\"padding-right: 8px\">\n            \n\n<div class=\"kksr-icon\" style=\"width: 31px; height: 31px;\"><\/div>\n        <\/div>\n            <div class=\"kksr-star\" style=\"padding-right: 8px\">\n            \n\n<div class=\"kksr-icon\" style=\"width: 31px; height: 31px;\"><\/div>\n        <\/div>\n    <\/div>\n<\/div>\n                \n\n<div class=\"kksr-legend\" style=\"font-size: 24.8px;\">\n            <span class=\"kksr-muted\">Valora este art\u00edculo. GRACIAS!<\/span>\n    <\/div>\n    <\/div>\n","protected":false},"excerpt":{"rendered":"<div>El avance registrado en el verano de 2025 no solo confirma el auge de la reparaci\u00f3n dom\u00e9stica, sino que posiciona a Fersay como protagonista en la transformaci\u00f3n de los h\u00e1bitos de consumo, alineando sus valores con las nuevas realidades econ\u00f3micas y ambientales de la sociedad espa\u00f1ola<\/div>\n","protected":false},"author":3,"featured_media":0,"comment_status":"closed","ping_status":"open","sticky":false,"template":"","format":"standard","meta":{"footnotes":""},"categories":[1],"tags":[],"class_list":["post-7468","post","type-post","status-publish","format-standard","hentry","category-actualidad-y-novedades"],"_links":{"self":[{"href":"https:\/\/www.portalcerrajeros.es\/prensa\/wp-json\/wp\/v2\/posts\/7468","targetHints":{"allow":["GET"]}}],"collection":[{"href":"https:\/\/www.portalcerrajeros.es\/prensa\/wp-json\/wp\/v2\/posts"}],"about":[{"href":"https:\/\/www.portalcerrajeros.es\/prensa\/wp-json\/wp\/v2\/types\/post"}],"author":[{"embeddable":true,"href":"https:\/\/www.portalcerrajeros.es\/prensa\/wp-json\/wp\/v2\/users\/3"}],"replies":[{"embeddable":true,"href":"https:\/\/www.portalcerrajeros.es\/prensa\/wp-json\/wp\/v2\/comments?post=7468"}],"version-history":[{"count":0,"href":"https:\/\/www.portalcerrajeros.es\/prensa\/wp-json\/wp\/v2\/posts\/7468\/revisions"}],"wp:attachment":[{"href":"https:\/\/www.portalcerrajeros.es\/prensa\/wp-json\/wp\/v2\/media?parent=7468"}],"wp:term":[{"taxonomy":"category","embeddable":true,"href":"https:\/\/www.portalcerrajeros.es\/prensa\/wp-json\/wp\/v2\/categories?post=7468"},{"taxonomy":"post_tag","embeddable":true,"href":"https:\/\/www.portalcerrajeros.es\/prensa\/wp-json\/wp\/v2\/tags?post=7468"}],"curies":[{"name":"wp","href":"https:\/\/api.w.org\/{rel}","templated":true}]}}