{"id":7466,"date":"2025-08-18T09:37:22","date_gmt":"2025-08-18T07:37:22","guid":{"rendered":"https:\/\/portalcerrajeros.es\/prensa\/dim-dim-ev-repair-la-primera-red-nacional-de-talleres-especializados-en-vehiculos-electricos-e-hibridos\/"},"modified":"2025-08-18T09:37:22","modified_gmt":"2025-08-18T07:37:22","slug":"dim-dim-ev-repair-la-primera-red-nacional-de-talleres-especializados-en-vehiculos-electricos-e-hibridos","status":"publish","type":"post","link":"https:\/\/www.portalcerrajeros.es\/prensa\/dim-dim-ev-repair-la-primera-red-nacional-de-talleres-especializados-en-vehiculos-electricos-e-hibridos\/","title":{"rendered":"DIM \u00abDIM EV Repair\u00bb, la primera red nacional de talleres especializados en veh\u00edculos el\u00e9ctricos e h\u00edbridos"},"content":{"rendered":"<div>\n<p><a href=\"https:\/\/portalcerrajeros.es\/prensa\/wp-content\/uploads\/2025\/08\/DIM_EV_REPAIR_Prensa.jpg\" target=\"_blank\" class=\"fotonota\" rel=\"noopener\"> <\/a><\/p>\n<p>La l\u00ednea de negocio de DIM Formaci\u00f3n, \u00abDIM EV Repair\u00bb, ofrece a los talleres mec\u00e1nicos un servicio integral para actualizarse a la nueva era de la movilidad el\u00e9ctrica. Con asistencia t\u00e9cnica 24\/7, suministro de piezas y formaci\u00f3n constante, la red busca posicionarse como referente en Espa\u00f1a y duplicar el n\u00famero de talleres adheridos en los pr\u00f3ximos meses<\/p>\n<p><\/p>\n<p>La transici\u00f3n hacia la movilidad el\u00e9ctrica no es una tendencia pasajera, sino una transformaci\u00f3n profunda en el sector del autom\u00f3vil. En este contexto, <strong>DIM Formaci\u00f3n<\/strong>, empresa gallega con m\u00e1s de dos d\u00e9cadas de experiencia en formaci\u00f3n mec\u00e1nica y desde 2019 especializada en veh\u00edculos el\u00e9ctricos (VE) e h\u00edbridos, ha decidido dar un paso al frente con el lanzamiento de su tercera l\u00ednea de negocio: <a href=\"https:\/\/www.dimevrepair.com\/\" rel=\"nofollow noopener\" target=\"_blank\"><strong>\u00abDIM EV Repair\u00bb<\/strong>, la primera red nacional de talleres especializados en la reparaci\u00f3n de este tipo de veh\u00edculos.<\/a><\/p>\n<p>El objetivo de esta nueva propuesta es claro: proporcionar a los talleres mec\u00e1nicos de toda Espa\u00f1a las herramientas, conocimientos y soporte necesarios para adaptarse a una tecnolog\u00eda que, aunque rentable, a\u00fan genera incertidumbre en el sector.<\/p>\n<blockquote>\n<p>Tal como se\u00f1ala David Alonso, CEO de DIM Formaci\u00f3n y responsable de la formaci\u00f3n t\u00e9cnica, <em>\u00abmuchos gerentes de talleres creen que reparar un VE es sencillo o que basta con ver v\u00eddeos en internet. La realidad es que, sin la formaci\u00f3n y el soporte adecuados, los riesgos y los costes pueden dispararse\u00bb<\/em>.<\/p>\n<\/blockquote>\n<p><a href=\"https:\/\/www.dimevrepair.com\/\" rel=\"nofollow noopener\" target=\"_blank\">\u00abDIM EV Repair\u00bb ha sido dise\u00f1ado bajo un modelo <strong>llave en mano<\/strong><\/a>, pensado para que un taller que hoy solo repara veh\u00edculos de combusti\u00f3n pueda, en poco tiempo, ofrecer servicios de diagn\u00f3stico y reparaci\u00f3n de VE e h\u00edbridos con total seguridad y rentabilidad. La adhesi\u00f3n a la red incluye acceso a una completa gama de beneficios:<\/p>\n<ul>\n<li><strong>Sello de certificaci\u00f3n DIM<\/strong>, que acredita la capacitaci\u00f3n del taller en la reparaci\u00f3n de VE e h\u00edbridos.<\/li>\n<li><strong>Asistencia t\u00e9cnica 24 horas, 7 d\u00edas a la semana<\/strong>, para resolver incidencias y guiar en la reparaci\u00f3n.<\/li>\n<li><strong>Formaci\u00f3n t\u00e9cnica y actualizaciones constantes<\/strong> sobre la tecnolog\u00eda y las mejores pr\u00e1cticas.<\/li>\n<li><strong>Programa de gesti\u00f3n de taller<\/strong> para aumentar la rentabilidad, pasando de un beneficio medio del 5% a m\u00e1s del 15%.<\/li>\n<li><strong>Suministro de piezas y recambios<\/strong> verificados y adaptados a las necesidades del sector.<\/li>\n<li><strong>Provisi\u00f3n de herramientas y maquinaria<\/strong> espec\u00edficas para el trabajo con alta tensi\u00f3n y sistemas el\u00e9ctricos avanzados.<\/li>\n<\/ul>\n<p>La propuesta no solo resuelve los miedos m\u00e1s habituales del sector \u2014como la falta de negocio, el coste de la inversi\u00f3n en equipo o el riesgo de manipular alta tensi\u00f3n\u2014, sino que adem\u00e1s abre una oportunidad clara de diferenciaci\u00f3n frente a la competencia.<\/p>\n<blockquote>\n<p>En palabras de Bel\u00e9n L\u00f3pez, responsable de marketing y coordinaci\u00f3n de la red, <em>\u00ablos talleres que se especializan en VE no solo ganan en rentabilidad, sino que tambi\u00e9n se posicionan como referentes en su zona, atrayendo a un cliente nuevo y fidelizando al existente\u00bb<\/em>.<\/p>\n<\/blockquote>\n<p>La empresa apuesta por un enfoque cercano y pr\u00e1ctico, consciente de que los gerentes de talleres suelen tener jornadas extensas y poco tiempo para formaciones tradicionales. Por ello, la comunicaci\u00f3n y el soporte se adaptan a sus horarios, utilizando canales como WhatsApp y combinando formaci\u00f3n online con asistencia directa.<\/p>\n<p><a href=\"https:\/\/www.dimevrepair.com\/\" rel=\"nofollow noopener\" target=\"_blank\">El lanzamiento de \u00abDIM EV Repair\u00bb llega en un momento clave:<\/a> Espa\u00f1a cuenta con m\u00e1s de 40.000 talleres mec\u00e1nicos, la mayor\u00eda aun sin capacidad para reparar veh\u00edculos el\u00e9ctricos, mientras que el parque de VE sigue creciendo de forma sostenida. Esta iniciativa no solo supone una oportunidad de negocio para los talleres, sino tambi\u00e9n un impulso para la transici\u00f3n hacia una movilidad m\u00e1s sostenible.<\/p>\n<p>Con la experiencia acumulada en formaci\u00f3n y la visi\u00f3n estrat\u00e9gica de crear una <strong>red colaborativa<\/strong>, DIM Formaci\u00f3n busca consolidar a \u00abDIM EV Repair\u00bb como el socio tecnol\u00f3gico y de rentabilidad imprescindible para cualquier taller que quiera asegurar su futuro en la era el\u00e9ctrica.<\/p>\n<p>Tal y como resume David Alonso: \u00abTe gusten o no los veh\u00edculos el\u00e9ctricos, lo cierto es que te har\u00e1n ganar m\u00e1s dinero\u00bb.<\/p>\n<p>\u00a0<\/p>\n<\/div>\n\n\n<div class=\"kk-star-ratings kksr-auto kksr-align-right kksr-valign-bottom\"\n    data-payload='{&quot;align&quot;:&quot;right&quot;,&quot;id&quot;:&quot;7466&quot;,&quot;slug&quot;:&quot;default&quot;,&quot;valign&quot;:&quot;bottom&quot;,&quot;ignore&quot;:&quot;&quot;,&quot;reference&quot;:&quot;auto&quot;,&quot;class&quot;:&quot;&quot;,&quot;count&quot;:&quot;0&quot;,&quot;legendonly&quot;:&quot;&quot;,&quot;readonly&quot;:&quot;&quot;,&quot;score&quot;:&quot;0&quot;,&quot;starsonly&quot;:&quot;&quot;,&quot;best&quot;:&quot;5&quot;,&quot;gap&quot;:&quot;8&quot;,&quot;greet&quot;:&quot;Valora este art\u00edculo. GRACIAS!&quot;,&quot;legend&quot;:&quot;0\\\/5 - (0 votos)&quot;,&quot;size&quot;:&quot;31&quot;,&quot;title&quot;:&quot;DIM \\u0026quot;DIM EV Repair\\u0026quot;, la primera red nacional de talleres especializados en veh\u00edculos el\u00e9ctricos e h\u00edbridos&quot;,&quot;width&quot;:&quot;0&quot;,&quot;_legend&quot;:&quot;{score}\\\/{best} - ({count} {votes})&quot;,&quot;font_factor&quot;:&quot;1.25&quot;}'>\n            \n<div class=\"kksr-stars\">\n    \n<div class=\"kksr-stars-inactive\">\n            <div class=\"kksr-star\" data-star=\"1\" style=\"padding-right: 8px\">\n            \n\n<div class=\"kksr-icon\" style=\"width: 31px; height: 31px;\"><\/div>\n        <\/div>\n            <div class=\"kksr-star\" data-star=\"2\" style=\"padding-right: 8px\">\n            \n\n<div class=\"kksr-icon\" style=\"width: 31px; height: 31px;\"><\/div>\n        <\/div>\n            <div class=\"kksr-star\" data-star=\"3\" style=\"padding-right: 8px\">\n            \n\n<div class=\"kksr-icon\" style=\"width: 31px; height: 31px;\"><\/div>\n        <\/div>\n            <div class=\"kksr-star\" data-star=\"4\" style=\"padding-right: 8px\">\n            \n\n<div class=\"kksr-icon\" style=\"width: 31px; height: 31px;\"><\/div>\n        <\/div>\n            <div class=\"kksr-star\" data-star=\"5\" style=\"padding-right: 8px\">\n            \n\n<div class=\"kksr-icon\" style=\"width: 31px; height: 31px;\"><\/div>\n        <\/div>\n    <\/div>\n    \n<div class=\"kksr-stars-active\" style=\"width: 0px;\">\n            <div class=\"kksr-star\" style=\"padding-right: 8px\">\n            \n\n<div class=\"kksr-icon\" style=\"width: 31px; height: 31px;\"><\/div>\n        <\/div>\n            <div class=\"kksr-star\" style=\"padding-right: 8px\">\n            \n\n<div class=\"kksr-icon\" style=\"width: 31px; height: 31px;\"><\/div>\n        <\/div>\n            <div class=\"kksr-star\" style=\"padding-right: 8px\">\n            \n\n<div class=\"kksr-icon\" style=\"width: 31px; height: 31px;\"><\/div>\n        <\/div>\n            <div class=\"kksr-star\" style=\"padding-right: 8px\">\n            \n\n<div class=\"kksr-icon\" style=\"width: 31px; height: 31px;\"><\/div>\n        <\/div>\n            <div class=\"kksr-star\" style=\"padding-right: 8px\">\n            \n\n<div class=\"kksr-icon\" style=\"width: 31px; height: 31px;\"><\/div>\n        <\/div>\n    <\/div>\n<\/div>\n                \n\n<div class=\"kksr-legend\" style=\"font-size: 24.8px;\">\n            <span class=\"kksr-muted\">Valora este art\u00edculo. GRACIAS!<\/span>\n    <\/div>\n    <\/div>\n","protected":false},"excerpt":{"rendered":"<div>La l\u00ednea de negocio de DIM Formaci\u00f3n, \u00abDIM EV Repair\u00bb, ofrece a los talleres mec\u00e1nicos un servicio integral para actualizarse a la nueva era de la movilidad el\u00e9ctrica. Con asistencia t\u00e9cnica 24\/7, suministro de piezas y formaci\u00f3n constante, la red busca posicionarse como referente en Espa\u00f1a y duplicar el n\u00famero de talleres adheridos en los pr\u00f3ximos meses<\/div>\n","protected":false},"author":3,"featured_media":7467,"comment_status":"closed","ping_status":"open","sticky":false,"template":"","format":"standard","meta":{"footnotes":""},"categories":[1],"tags":[],"class_list":["post-7466","post","type-post","status-publish","format-standard","has-post-thumbnail","hentry","category-actualidad-y-novedades"],"_links":{"self":[{"href":"https:\/\/www.portalcerrajeros.es\/prensa\/wp-json\/wp\/v2\/posts\/7466","targetHints":{"allow":["GET"]}}],"collection":[{"href":"https:\/\/www.portalcerrajeros.es\/prensa\/wp-json\/wp\/v2\/posts"}],"about":[{"href":"https:\/\/www.portalcerrajeros.es\/prensa\/wp-json\/wp\/v2\/types\/post"}],"author":[{"embeddable":true,"href":"https:\/\/www.portalcerrajeros.es\/prensa\/wp-json\/wp\/v2\/users\/3"}],"replies":[{"embeddable":true,"href":"https:\/\/www.portalcerrajeros.es\/prensa\/wp-json\/wp\/v2\/comments?post=7466"}],"version-history":[{"count":0,"href":"https:\/\/www.portalcerrajeros.es\/prensa\/wp-json\/wp\/v2\/posts\/7466\/revisions"}],"wp:featuredmedia":[{"embeddable":true,"href":"https:\/\/www.portalcerrajeros.es\/prensa\/wp-json\/wp\/v2\/media\/7467"}],"wp:attachment":[{"href":"https:\/\/www.portalcerrajeros.es\/prensa\/wp-json\/wp\/v2\/media?parent=7466"}],"wp:term":[{"taxonomy":"category","embeddable":true,"href":"https:\/\/www.portalcerrajeros.es\/prensa\/wp-json\/wp\/v2\/categories?post=7466"},{"taxonomy":"post_tag","embeddable":true,"href":"https:\/\/www.portalcerrajeros.es\/prensa\/wp-json\/wp\/v2\/tags?post=7466"}],"curies":[{"name":"wp","href":"https:\/\/api.w.org\/{rel}","templated":true}]}}