{"id":7459,"date":"2025-08-08T11:17:42","date_gmt":"2025-08-08T09:17:42","guid":{"rendered":"https:\/\/portalcerrajeros.es\/prensa\/el-modo-verano-dispara-los-despistes-y-aumenta-la-vulnerabilidad-de-los-hogares-frente-a-robos-e-intrusiones\/"},"modified":"2025-08-08T11:17:42","modified_gmt":"2025-08-08T09:17:42","slug":"el-modo-verano-dispara-los-despistes-y-aumenta-la-vulnerabilidad-de-los-hogares-frente-a-robos-e-intrusiones","status":"publish","type":"post","link":"https:\/\/www.portalcerrajeros.es\/prensa\/el-modo-verano-dispara-los-despistes-y-aumenta-la-vulnerabilidad-de-los-hogares-frente-a-robos-e-intrusiones\/","title":{"rendered":"El \u2018modo verano\u2019 dispara los despistes y aumenta la vulnerabilidad de los hogares frente a robos e intrusiones"},"content":{"rendered":"<div>\n<p>Los expertos en seguridad y las Fuerzas y Cuerpos de Seguridad del Estado alertan sobre la vulnerabilidad de viviendas y peque\u00f1os negocios en el periodo estival. ADT analiza los puntos m\u00e1s vulnerables del hogar o local y ofrece 5 recomendaciones para protegerlos<\/p>\n<p><\/p>\n<p>El verano, sin\u00f3nimo de vacaciones, relax y desconexi\u00f3n, es una de las \u00e9pocas m\u00e1s esperadas del a\u00f1o. Sin embargo, esta misma atm\u00f3sfera de desconexi\u00f3n y cambio de h\u00e1bitos puede, parad\u00f3jicamente, convertirse en un factor de riesgo significativo para la seguridad del hogar y tambi\u00e9n de los peque\u00f1os negocios que cierran por vacaciones o reducen su actividad. La despreocupaci\u00f3n estival, sumada al cambio de rutinas y horarios, puede provocar que se baje la guardia y crear oportunidades para los delincuentes.<\/p>\n<p>\u00abEl \u2018modo verano\u2019\u00a0convierte a las personas en m\u00e1s propensas a peque\u00f1os descuidos que, en otras \u00e9pocas del a\u00f1o, no se cometer\u00edan. Se pasa\u00a0m\u00e1s tiempo fuera de casa, viajando, o se disfruta m\u00e1s del exterior, lo que puede llevar a descuidos como dejar una ventana abierta para ventilar, olvidar cerrar con llave o no activar la alarma al salir \u2018solo un momento\u2019\u00bb, afirma Jos\u00e9 Gonz\u00e1lez Osma, director general de ADT. \u00abAdem\u00e1s, la ausencia prolongada de los propietarios y la menor vigilancia vecinal durante las vacaciones convierten muchas viviendas y locales comerciales en objetivos m\u00e1s vulnerables\u00bb.<\/p>\n<p><strong>El &#8216;modo verano&#8217;\u00a0genera un escenario propicio para m\u00e1s robos <\/strong><br \/>\nDurante los meses estivales, los hogares y comercios se vuelven m\u00e1s vulnerables debido a varios factores:<\/p>\n<ul>\n<li><strong>Viviendas vac\u00edas y se\u00f1ales de ausencia.<\/strong>\u00a0Las vacaciones dejan un gran n\u00famero de hogares desocupados por periodos prolongados. Buzones llenos, persianas completamente bajadas o luces encendidas a deshoras son indicadores claros de ausencia.<\/li>\n<li><strong>Descuido en el d\u00eda a d\u00eda.<\/strong>\u00a0Incluso para quienes no viajan, la mayor actividad al aire libre (playa, piscina, terrazas) y las salidas espont\u00e1neas pueden llevar a descuidos como dejar puertas sin llave, ventanas entreabiertas o no activar el sistema de seguridad por considerarlo una salida \u00abcorta\u00bb.<\/li>\n<li><strong>Menor vigilancia comunitaria.<\/strong>\u00a0Con muchos vecinos tambi\u00e9n de vacaciones, la red de apoyo y vigilancia mutua en las comunidades se debilita.<\/li>\n<li><strong>Exposici\u00f3n en redes sociales.<\/strong>\u00a0La publicaci\u00f3n de fotos y planes de viaje en tiempo real en plataformas online puede delatar la ausencia del hogar, proporcionando informaci\u00f3n valiosa a los delincuentes.<\/li>\n<li><strong>Vulnerabilidad de peque\u00f1os negocios.<\/strong> Muchos comercios cierran sus puertas por vacaciones o reducen dr\u00e1sticamente su actividad durante el verano. Estos locales, al permanecer vac\u00edos y sin supervisi\u00f3n durante semanas, se convierten en un blanco f\u00e1cil para los robos, especialmente si no cuentan con sistemas de seguridad adecuados o si estos no se activan correctamente.<\/li>\n<\/ul>\n<p><strong>5 consejos para la protecci\u00f3n de robos en verano<\/strong><br \/>\nEn l\u00ednea con las recomendaciones generales de la Polic\u00eda Nacional, los expertos en seguridad de <a href=\"https:\/\/adt.com.es\/\" rel=\"nofollow noopener\" target=\"_blank\"><strong>ADT<\/strong>,<\/a> empresa l\u00edder en alarmas y seguridad electr\u00f3nica, subrayan la importancia de la prevenci\u00f3n y ofrecen una serie de precauciones para proteger el hogar durante el verano.<\/p>\n<ul>\n<li><strong>Mantener\u00a0la discreci\u00f3n.<\/strong>\u00a0Evitar comentar\u00a0planes de viaje o el cierre del\u00a0negocio, especialmente en redes sociales. No deben publicarse\u00a0fotos de las\u00a0vacaciones hasta el\u00a0regreso.<\/li>\n<li><strong>Simular presencia.<\/strong>\u00a0Solicitar\u00a0a un vecino o familiar de confianza que recoja el correo, riegue las plantas, suba y baje persianas o var\u00ede la posici\u00f3n de las cortinas. Utilizar temporizadores para encender y apagar luces en diferentes habitaciones.<\/li>\n<li><strong>Cerrar\u00a0siempre con llave. <\/strong>Aunque sea por un momento, debe cerrarse con llave la puerta de acceso a la vivienda, asegur\u00e1ndose\u00a0de que todas las puertas y ventanas queden bien cerradas, incluso las que dan a patios interiores o son de f\u00e1cil acceso.<\/li>\n<li><strong>No dejar pistas:<\/strong>\u00a0No dejar objetos de valor a la vista desde el exterior. Si se dispone de un sistema de alarma, es necesario asegurarse de que est\u00e9 conectado y en perfecto funcionamiento.<\/li>\n<li><strong>A\u00f1adir\u00a0protecci\u00f3n espec\u00edfica para el\u00a0negocio.<\/strong> Para los peque\u00f1os comercios que cierran por vacaciones, es crucial reforzar la seguridad en esta \u00e9poca del a\u00f1o. M\u00e1s all\u00e1 de las medidas b\u00e1sicas, contar con sistemas de seguridad profesional, adaptado a las caracter\u00edsticas y necesidades del local y con conexi\u00f3n a la Central Receptora de Alarmas (CRA) y videovigilancia, es fundamental para disuadir a los intrusos y garantizar una respuesta r\u00e1pida ante cualquier incidente.<\/li>\n<li><strong>Aprovechar la tecnolog\u00eda para minimizar despistes.<\/strong> Actualmente, los sistemas de seguridad pueden ofrecer sistemas de armado inteligente, dise\u00f1ados para eliminar la necesidad de activar la alarma manualmente. Gracias a las funcionalidades avanzadas, la alarma se activa de forma autom\u00e1tica por la noche y se desactiva por la ma\u00f1ana, adapt\u00e1ndose a las rutinas cambiantes de cada hogar. Algunas soluciones ofrecen incluso armados y desarmados vinculados a la geolocalizaci\u00f3n del smartphone cuando los residentes entran y salen del hogar.<\/li>\n<\/ul>\n<p>\u00abIncluso con los mejores h\u00e1bitos, los despistes son parte de la naturaleza humana, especialmente cuando la mente est\u00e1 en modo \u00abvacaciones\u00bb. <a href=\"https:\/\/adt.com.es\/beneficios-de-smart-arming-en-la-seguridad-del-hogar-olvidate-de-conectar-manualmente-\" rel=\"nofollow noopener\" target=\"_blank\">Smart Arming<\/a>, una funci\u00f3n de <a href=\"https:\/\/adt.com.es\/app-adt\/\" rel=\"nofollow noopener\" target=\"_blank\">ADT Smart Security<\/a>, proporciona la m\u00e1xima seguridad con la m\u00ednima preocupaci\u00f3n. Su enfoque preventivo permite activar la alarma de forma autom\u00e1tica en los momentos clave, como por la noche o cuando la casa est\u00e1 vac\u00eda\u00bb, explica Jos\u00e9 Gonz\u00e1lez Osma, director general de ADT. \u00abEn ADT, el\u00a0objetivo es ofrecer soluciones que se adapten a la vida de los\u00a0clientes. El verano es una \u00e9poca de disfrute, y los\u00a0clientes pueden relajarse sabiendo que su hogar y su negocio est\u00e1 protegido, incluso cuando sus rutinas cambian\u00bb.<\/p>\n<\/div>\n\n\n<div class=\"kk-star-ratings kksr-auto kksr-align-right kksr-valign-bottom\"\n    data-payload='{&quot;align&quot;:&quot;right&quot;,&quot;id&quot;:&quot;7459&quot;,&quot;slug&quot;:&quot;default&quot;,&quot;valign&quot;:&quot;bottom&quot;,&quot;ignore&quot;:&quot;&quot;,&quot;reference&quot;:&quot;auto&quot;,&quot;class&quot;:&quot;&quot;,&quot;count&quot;:&quot;0&quot;,&quot;legendonly&quot;:&quot;&quot;,&quot;readonly&quot;:&quot;&quot;,&quot;score&quot;:&quot;0&quot;,&quot;starsonly&quot;:&quot;&quot;,&quot;best&quot;:&quot;5&quot;,&quot;gap&quot;:&quot;8&quot;,&quot;greet&quot;:&quot;Valora este art\u00edculo. GRACIAS!&quot;,&quot;legend&quot;:&quot;0\\\/5 - (0 votos)&quot;,&quot;size&quot;:&quot;31&quot;,&quot;title&quot;:&quot;El \u2018modo verano\u2019 dispara los despistes y aumenta la vulnerabilidad de los hogares frente a robos e intrusiones&quot;,&quot;width&quot;:&quot;0&quot;,&quot;_legend&quot;:&quot;{score}\\\/{best} - ({count} {votes})&quot;,&quot;font_factor&quot;:&quot;1.25&quot;}'>\n            \n<div class=\"kksr-stars\">\n    \n<div class=\"kksr-stars-inactive\">\n            <div class=\"kksr-star\" data-star=\"1\" style=\"padding-right: 8px\">\n            \n\n<div class=\"kksr-icon\" style=\"width: 31px; height: 31px;\"><\/div>\n        <\/div>\n            <div class=\"kksr-star\" data-star=\"2\" style=\"padding-right: 8px\">\n            \n\n<div class=\"kksr-icon\" style=\"width: 31px; height: 31px;\"><\/div>\n        <\/div>\n            <div class=\"kksr-star\" data-star=\"3\" style=\"padding-right: 8px\">\n            \n\n<div class=\"kksr-icon\" style=\"width: 31px; height: 31px;\"><\/div>\n        <\/div>\n            <div class=\"kksr-star\" data-star=\"4\" style=\"padding-right: 8px\">\n            \n\n<div class=\"kksr-icon\" style=\"width: 31px; height: 31px;\"><\/div>\n        <\/div>\n            <div class=\"kksr-star\" data-star=\"5\" style=\"padding-right: 8px\">\n            \n\n<div class=\"kksr-icon\" style=\"width: 31px; height: 31px;\"><\/div>\n        <\/div>\n    <\/div>\n    \n<div class=\"kksr-stars-active\" style=\"width: 0px;\">\n            <div class=\"kksr-star\" style=\"padding-right: 8px\">\n            \n\n<div class=\"kksr-icon\" style=\"width: 31px; height: 31px;\"><\/div>\n        <\/div>\n            <div class=\"kksr-star\" style=\"padding-right: 8px\">\n            \n\n<div class=\"kksr-icon\" style=\"width: 31px; height: 31px;\"><\/div>\n        <\/div>\n            <div class=\"kksr-star\" style=\"padding-right: 8px\">\n            \n\n<div class=\"kksr-icon\" style=\"width: 31px; height: 31px;\"><\/div>\n        <\/div>\n            <div class=\"kksr-star\" style=\"padding-right: 8px\">\n            \n\n<div class=\"kksr-icon\" style=\"width: 31px; height: 31px;\"><\/div>\n        <\/div>\n            <div class=\"kksr-star\" style=\"padding-right: 8px\">\n            \n\n<div class=\"kksr-icon\" style=\"width: 31px; height: 31px;\"><\/div>\n        <\/div>\n    <\/div>\n<\/div>\n                \n\n<div class=\"kksr-legend\" style=\"font-size: 24.8px;\">\n            <span class=\"kksr-muted\">Valora este art\u00edculo. GRACIAS!<\/span>\n    <\/div>\n    <\/div>\n","protected":false},"excerpt":{"rendered":"<div>Los expertos en seguridad y las Fuerzas y Cuerpos de Seguridad del Estado alertan sobre la vulnerabilidad de viviendas y peque\u00f1os negocios en el periodo estival. ADT analiza los puntos m\u00e1s vulnerables del hogar o local y ofrece 5 recomendaciones para protegerlos<\/div>\n","protected":false},"author":3,"featured_media":0,"comment_status":"closed","ping_status":"open","sticky":false,"template":"","format":"standard","meta":{"footnotes":""},"categories":[1],"tags":[],"class_list":["post-7459","post","type-post","status-publish","format-standard","hentry","category-actualidad-y-novedades"],"_links":{"self":[{"href":"https:\/\/www.portalcerrajeros.es\/prensa\/wp-json\/wp\/v2\/posts\/7459","targetHints":{"allow":["GET"]}}],"collection":[{"href":"https:\/\/www.portalcerrajeros.es\/prensa\/wp-json\/wp\/v2\/posts"}],"about":[{"href":"https:\/\/www.portalcerrajeros.es\/prensa\/wp-json\/wp\/v2\/types\/post"}],"author":[{"embeddable":true,"href":"https:\/\/www.portalcerrajeros.es\/prensa\/wp-json\/wp\/v2\/users\/3"}],"replies":[{"embeddable":true,"href":"https:\/\/www.portalcerrajeros.es\/prensa\/wp-json\/wp\/v2\/comments?post=7459"}],"version-history":[{"count":0,"href":"https:\/\/www.portalcerrajeros.es\/prensa\/wp-json\/wp\/v2\/posts\/7459\/revisions"}],"wp:attachment":[{"href":"https:\/\/www.portalcerrajeros.es\/prensa\/wp-json\/wp\/v2\/media?parent=7459"}],"wp:term":[{"taxonomy":"category","embeddable":true,"href":"https:\/\/www.portalcerrajeros.es\/prensa\/wp-json\/wp\/v2\/categories?post=7459"},{"taxonomy":"post_tag","embeddable":true,"href":"https:\/\/www.portalcerrajeros.es\/prensa\/wp-json\/wp\/v2\/tags?post=7459"}],"curies":[{"name":"wp","href":"https:\/\/api.w.org\/{rel}","templated":true}]}}