{"id":7437,"date":"2025-07-28T08:33:27","date_gmt":"2025-07-28T06:33:27","guid":{"rendered":"https:\/\/portalcerrajeros.es\/prensa\/la-aerotermia-se-consolida-como-la-solucion-mas-eficiente-para-climatizar-hogares-y-negocios\/"},"modified":"2025-07-28T08:33:27","modified_gmt":"2025-07-28T06:33:27","slug":"la-aerotermia-se-consolida-como-la-solucion-mas-eficiente-para-climatizar-hogares-y-negocios","status":"publish","type":"post","link":"https:\/\/www.portalcerrajeros.es\/prensa\/la-aerotermia-se-consolida-como-la-solucion-mas-eficiente-para-climatizar-hogares-y-negocios\/","title":{"rendered":"La aerotermia se consolida como la soluci\u00f3n m\u00e1s eficiente para climatizar hogares y negocios"},"content":{"rendered":"<div>\n<p><a href=\"https:\/\/portalcerrajeros.es\/prensa\/wp-content\/uploads\/2025\/07\/Captura_de_pantalla_2025-07-25_a_les_163652.png\" target=\"_blank\" class=\"fotonota\" rel=\"noopener\"> <\/a><\/p>\n<p>La empresa santcugatense Origen Solar apuesta decididamente por la implantaci\u00f3n de sistemas de aerotermia como parte de su oferta integral<\/p>\n<p><\/p>\n<p>\u00a0La aerotermia vive un momento de expansi\u00f3n imparable. Impulsada por la necesidad de descarbonizar los edificios, las ayudas p\u00fablicas y el creciente inter\u00e9s por las energ\u00edas renovables, esta tecnolog\u00eda se ha convertido en una de las opciones preferidas para climatizar hogares y negocios de forma eficiente y sostenible.<\/p>\n<p>Seg\u00fan datos de la <a href=\"https:\/\/www.ehpa.org\/market-data\/\" rel=\"nofollow noopener\" target=\"_blank\">Asociaci\u00f3n Europea de Bombas de Calor (EHPA)<\/a>, el parque europeo de bombas de calor alcanz\u00f3 los 26 millones de unidades en 2024, y se prev\u00e9 que supere los 45 millones en 2030, con un crecimiento del 70 %. Los fabricantes, por su parte, estiman un aumento del 250 % en la actividad relacionada con esta tecnolog\u00eda de cara a la pr\u00f3xima d\u00e9cada.<\/p>\n<p><strong>En Espa\u00f1a, la tendencia tambi\u00e9n es clara<\/strong><br \/>\nSeg\u00fan el <a href=\"https:\/\/www.daikin.es\/es_es\/hogar\/notas-de-prensa\/2024\/nota-de-prensa-495-tendencias-climatizacion-espana.html\" rel=\"nofollow noopener\" target=\"_blank\">II Bar\u00f3metro sobre el Futuro de la Climatizaci\u00f3n en Espa\u00f1a<\/a>, elaborado por Daikin, uno de cada cinco hogares espa\u00f1oles ya utiliza aerotermia, y el 54 % de las personas que tienen previsto renovar su sistema en los pr\u00f3ximos a\u00f1os apostar\u00e1 por esta tecnolog\u00eda. Las ventajas m\u00e1s valoradas son el ahorro econ\u00f3mico (70 %) y la mejora de la eficiencia energ\u00e9tica (61 %).<\/p>\n<p>Actualmente, adem\u00e1s, muchas comunidades aut\u00f3nomas ofrecen subvenciones de hasta el 60 % del coste de instalaci\u00f3n, lo que facilita considerablemente la adopci\u00f3n de esta tecnolog\u00eda limpia.<\/p>\n<p><strong>Origen Solar: soluciones integrales de autoconsumo con aerotermia y fotovoltaica<\/strong><br \/>\nEn este contexto, la empresa santcugatense Origen Solar apuesta decididamente por la implantaci\u00f3n de sistemas de aerotermia como parte de su oferta integral de autoconsumo y climatizaci\u00f3n sostenible. Con a\u00f1os de experiencia en instalaciones fotovoltaicas, la empresa ha ampliado sus servicios para ofrecer soluciones que combinan energ\u00eda solar y aerotermia, maximizando la eficiencia energ\u00e9tica.<\/p>\n<p>\u00abLa aerotermia es el complemento perfecto para la energ\u00eda solar\u00bb, explica Daniel Rubio, director ejecutivo de Origen Solar. \u00abPor eso, colaboramos con Vaillant, una marca referente en este \u00e1mbito, para ofrecer sistemas renovables adaptados a las necesidades reales de cada cliente: viviendas, comunidades de vecinos, negocios o naves industriales\u00bb.<\/p>\n<p>La combinaci\u00f3n de placas solares y aerotermia puede llegar a cubrir hasta el 70 % de las necesidades energ\u00e9ticas de una vivienda, reduciendo significativamente el consumo el\u00e9ctrico y las emisiones de CO\u2082.<\/p>\n<p><strong>Ventajas de la aerotermia seg\u00fan Origen Solar<\/strong><\/p>\n<ul>\n<li>Alta eficiencia energ\u00e9tica: puede generar entre 3 y 5 veces m\u00e1s energ\u00eda t\u00e9rmica de la que consume en electricidad.<\/li>\n<li>Ahorro econ\u00f3mico: reduce de forma notable el coste de calefacci\u00f3n y refrigeraci\u00f3n.<\/li>\n<li>Mantenimiento sencillo y econ\u00f3mico: revisiones b\u00e1sicas anuales y fiabilidad a largo plazo.<\/li>\n<li>Impacto ambiental m\u00ednimo: reduce las emisiones de gases de efecto invernadero.<\/li>\n<li>Revalorizaci\u00f3n de la vivienda: mejora la calificaci\u00f3n energ\u00e9tica y el atractivo de la propiedad.<\/li>\n<\/ul>\n<p><strong>Aerotermia y energ\u00eda solar: una alianza clave para la transici\u00f3n energ\u00e9tica<\/strong><br \/>\nEn un momento clave para la eficiencia energ\u00e9tica, la combinaci\u00f3n de placas solares y sistemas de aerotermia se consolida como una soluci\u00f3n eficaz, rentable y respetuosa con el medio ambiente. Esta integraci\u00f3n no solo reduce costes, sino que tambi\u00e9n garantiza confort, estabilidad energ\u00e9tica y una huella ecol\u00f3gica muy inferior a la de los sistemas tradicionales.<\/p>\n<p><strong>M\u00e1s sobre Origen Solar<\/strong><br \/><a href=\"https:\/\/www.origensolar.es\/\" target=\"_blank\" rel=\"nofollow noopener\"><strong>Origen Solar<\/strong><\/a> es una ingenier\u00eda especializada en proyectos de energ\u00edas renovables, con sede en Sant Cugat del Vall\u00e8s. Desde su fundaci\u00f3n en febrero de 2020, la empresa se ha dedicado a promover el autoconsumo de energ\u00eda el\u00e9ctrica y ofrecer soluciones integrales de energ\u00eda solar fotovoltaica y aerotermia para particulares, comunidades de vecinos, comercios y empresas industriales. Origen Solar se distingue por el compromiso con la sostenibilidad ambiental, la eficiencia energ\u00e9tica y el compromiso social en todas las operaciones.<\/p>\n<\/div>\n\n\n<div class=\"kk-star-ratings kksr-auto kksr-align-right kksr-valign-bottom\"\n    data-payload='{&quot;align&quot;:&quot;right&quot;,&quot;id&quot;:&quot;7437&quot;,&quot;slug&quot;:&quot;default&quot;,&quot;valign&quot;:&quot;bottom&quot;,&quot;ignore&quot;:&quot;&quot;,&quot;reference&quot;:&quot;auto&quot;,&quot;class&quot;:&quot;&quot;,&quot;count&quot;:&quot;0&quot;,&quot;legendonly&quot;:&quot;&quot;,&quot;readonly&quot;:&quot;&quot;,&quot;score&quot;:&quot;0&quot;,&quot;starsonly&quot;:&quot;&quot;,&quot;best&quot;:&quot;5&quot;,&quot;gap&quot;:&quot;8&quot;,&quot;greet&quot;:&quot;Valora este art\u00edculo. GRACIAS!&quot;,&quot;legend&quot;:&quot;0\\\/5 - (0 votos)&quot;,&quot;size&quot;:&quot;31&quot;,&quot;title&quot;:&quot;La aerotermia se consolida como la soluci\u00f3n m\u00e1s eficiente para climatizar hogares y negocios&quot;,&quot;width&quot;:&quot;0&quot;,&quot;_legend&quot;:&quot;{score}\\\/{best} - ({count} {votes})&quot;,&quot;font_factor&quot;:&quot;1.25&quot;}'>\n            \n<div class=\"kksr-stars\">\n    \n<div class=\"kksr-stars-inactive\">\n            <div class=\"kksr-star\" data-star=\"1\" style=\"padding-right: 8px\">\n            \n\n<div class=\"kksr-icon\" style=\"width: 31px; height: 31px;\"><\/div>\n        <\/div>\n            <div class=\"kksr-star\" data-star=\"2\" style=\"padding-right: 8px\">\n            \n\n<div class=\"kksr-icon\" style=\"width: 31px; height: 31px;\"><\/div>\n        <\/div>\n            <div class=\"kksr-star\" data-star=\"3\" style=\"padding-right: 8px\">\n            \n\n<div class=\"kksr-icon\" style=\"width: 31px; height: 31px;\"><\/div>\n        <\/div>\n            <div class=\"kksr-star\" data-star=\"4\" style=\"padding-right: 8px\">\n            \n\n<div class=\"kksr-icon\" style=\"width: 31px; height: 31px;\"><\/div>\n        <\/div>\n            <div class=\"kksr-star\" data-star=\"5\" style=\"padding-right: 8px\">\n            \n\n<div class=\"kksr-icon\" style=\"width: 31px; height: 31px;\"><\/div>\n        <\/div>\n    <\/div>\n    \n<div class=\"kksr-stars-active\" style=\"width: 0px;\">\n            <div class=\"kksr-star\" style=\"padding-right: 8px\">\n            \n\n<div class=\"kksr-icon\" style=\"width: 31px; height: 31px;\"><\/div>\n        <\/div>\n            <div class=\"kksr-star\" style=\"padding-right: 8px\">\n            \n\n<div class=\"kksr-icon\" style=\"width: 31px; height: 31px;\"><\/div>\n        <\/div>\n            <div class=\"kksr-star\" style=\"padding-right: 8px\">\n            \n\n<div class=\"kksr-icon\" style=\"width: 31px; height: 31px;\"><\/div>\n        <\/div>\n            <div class=\"kksr-star\" style=\"padding-right: 8px\">\n            \n\n<div class=\"kksr-icon\" style=\"width: 31px; height: 31px;\"><\/div>\n        <\/div>\n            <div class=\"kksr-star\" style=\"padding-right: 8px\">\n            \n\n<div class=\"kksr-icon\" style=\"width: 31px; height: 31px;\"><\/div>\n        <\/div>\n    <\/div>\n<\/div>\n                \n\n<div class=\"kksr-legend\" style=\"font-size: 24.8px;\">\n            <span class=\"kksr-muted\">Valora este art\u00edculo. GRACIAS!<\/span>\n    <\/div>\n    <\/div>\n","protected":false},"excerpt":{"rendered":"<div>La empresa santcugatense Origen Solar apuesta decididamente por la implantaci\u00f3n de sistemas de aerotermia como parte de su oferta integral<\/div>\n","protected":false},"author":3,"featured_media":7438,"comment_status":"closed","ping_status":"open","sticky":false,"template":"","format":"standard","meta":{"footnotes":""},"categories":[1],"tags":[],"class_list":["post-7437","post","type-post","status-publish","format-standard","has-post-thumbnail","hentry","category-actualidad-y-novedades"],"_links":{"self":[{"href":"https:\/\/www.portalcerrajeros.es\/prensa\/wp-json\/wp\/v2\/posts\/7437","targetHints":{"allow":["GET"]}}],"collection":[{"href":"https:\/\/www.portalcerrajeros.es\/prensa\/wp-json\/wp\/v2\/posts"}],"about":[{"href":"https:\/\/www.portalcerrajeros.es\/prensa\/wp-json\/wp\/v2\/types\/post"}],"author":[{"embeddable":true,"href":"https:\/\/www.portalcerrajeros.es\/prensa\/wp-json\/wp\/v2\/users\/3"}],"replies":[{"embeddable":true,"href":"https:\/\/www.portalcerrajeros.es\/prensa\/wp-json\/wp\/v2\/comments?post=7437"}],"version-history":[{"count":0,"href":"https:\/\/www.portalcerrajeros.es\/prensa\/wp-json\/wp\/v2\/posts\/7437\/revisions"}],"wp:featuredmedia":[{"embeddable":true,"href":"https:\/\/www.portalcerrajeros.es\/prensa\/wp-json\/wp\/v2\/media\/7438"}],"wp:attachment":[{"href":"https:\/\/www.portalcerrajeros.es\/prensa\/wp-json\/wp\/v2\/media?parent=7437"}],"wp:term":[{"taxonomy":"category","embeddable":true,"href":"https:\/\/www.portalcerrajeros.es\/prensa\/wp-json\/wp\/v2\/categories?post=7437"},{"taxonomy":"post_tag","embeddable":true,"href":"https:\/\/www.portalcerrajeros.es\/prensa\/wp-json\/wp\/v2\/tags?post=7437"}],"curies":[{"name":"wp","href":"https:\/\/api.w.org\/{rel}","templated":true}]}}