{"id":7327,"date":"2025-06-03T14:28:27","date_gmt":"2025-06-03T12:28:27","guid":{"rendered":"https:\/\/portalcerrajeros.es\/prensa\/un-37-de-los-profesionales-espanoles-siente-ansiedad-estres-o-miedo-ante-un-posible-ciberataque\/"},"modified":"2025-06-03T14:28:27","modified_gmt":"2025-06-03T12:28:27","slug":"un-37-de-los-profesionales-espanoles-siente-ansiedad-estres-o-miedo-ante-un-posible-ciberataque","status":"publish","type":"post","link":"https:\/\/www.portalcerrajeros.es\/prensa\/un-37-de-los-profesionales-espanoles-siente-ansiedad-estres-o-miedo-ante-un-posible-ciberataque\/","title":{"rendered":"Un 37% de los profesionales espa\u00f1oles siente ansiedad, estr\u00e9s o miedo ante un posible ciberataque"},"content":{"rendered":"<div>\n<p><a href=\"https:\/\/portalcerrajeros.es\/prensa\/wp-content\/uploads\/2025\/06\/Estudio_ciberseguridad_Aitana-Opentix.jpg\" target=\"_blank\" class=\"fotonota\" rel=\"noopener\"> <\/a><\/p>\n<p>El estudio impulsado por la consultora tecnol\u00f3gica Grupo Aitana &#8211; Opentix revela que los profesionales perciben falta de preparaci\u00f3n y demandan mayor apoyo por parte de su empresa<\/p>\n<p><\/p>\n<p>Grupo <a href=\"https:\/\/www.aitana.es\/\" rel=\"nofollow noopener\" target=\"_blank\">Aitana<\/a> \u2013 <a href=\"https:\/\/www.opentix.es\/\" rel=\"nofollow noopener\" target=\"_blank\">Opentix<\/a>, compa\u00f1\u00eda de consultor\u00eda tecnol\u00f3gica para grandes empresas, pymes, aut\u00f3nomos y despachos profesionales, ha dado hoy a conocer los resultados del estudio \u00abEl impacto emocional de los ciberataques en los profesionales espa\u00f1oles\u00bb.<\/p>\n<p>Elaborado durante los meses de marzo y abril de 2025, ha contado con la participaci\u00f3n de 156 profesionales en activo en territorio espa\u00f1ol, de diversos sectores de actividad, empleados por cuenta ajena o trabajadores aut\u00f3nomos, de ambos sexos y con edades entre 18 y 65 a\u00f1os.<\/p>\n<p><strong>Impacto personal en los trabajadores \u00a0<\/strong><br \/>\nPreguntados por el impacto emocional personal que han tenido los ciberataques sufridos o que podr\u00edan sufrir en el futuro, los encuestados muestran su preocupaci\u00f3n, ya que un 69% lo considera medio (40%) o alto (29%), produci\u00e9ndoles incomodidad, dificultando su trabajo, gener\u00e1ndoles estr\u00e9s o ansiedad. Por contra, un 30% considera que el impacto es bajo, asumi\u00e9ndolo como parte de los problemas a gestionar en su d\u00eda a d\u00eda. \u00a0<\/p>\n<p>Respecto a las principales emociones que los encuestados han sentido o creen que sentir\u00edan, en caso de un ciberataque en su entorno profesional, la emoci\u00f3n predominante es la frustraci\u00f3n por falta de preparaci\u00f3n (43%), seguida de la confianza en la capacidad de respuesta de la empresa (38%), ansiedad o estr\u00e9s (25%), miedo a perder su empleo (12%) e indiferencia (8%).<\/p>\n<p>Adicionalmente, si su forma de actuar frente a un ciberataque provocase un perjuicio relevante para la empresa, un 29% de los encuestados creen que podr\u00edan sufrir consecuencias leves como una amonestaci\u00f3n verbal. La misma cifra de participantes (29%) opina que dichas consecuencias podr\u00edan ser graves (como una suspensi\u00f3n temporal de empleo y sueldo). Un 26% cree que no tendr\u00eda consecuencias en su puesto de trabajo, mientras un 16% percibe que las consecuencias ser\u00edan muy graves, pudiendo llegar a perder su empleo.\u00a0<\/p>\n<p><strong>Consecuencias en los equipos de trabajo y el papel de la empresa<\/strong><br \/>\nRespecto a las consecuencias an\u00edmicas percibidas en los compa\u00f1eros de equipo, por el riesgo de ciberataques, un 53% de los profesionales consultados considera que sus compa\u00f1eros experimentan un impacto an\u00edmico medio, produci\u00e9ndoles incomodidad y dificultando su trabajo. Para un 27%, el impacto en sus compa\u00f1eros es bajo, sin que se vean afectados de forma significativa. Por el contrario, un 20% afirma percibir un alto impacto, asumiendo la existencia de estr\u00e9s o ansiedad en sus colegas.\u00a0 Estos porcentajes de respuestas son similares tanto en posiciones directivas como en profesionales sin equipos a su cargo.<\/p>\n<p>Respecto al apoyo recibido por parte de la empresa, un 42% afirma tener cierto apoyo por parte de su empresa para mitigar el malestar emocional que le produce la amenaza de ciberataques, pero considera que este apoyo podr\u00eda ser mayor. Un 37% de los encuestados percibe que el apoyo de su empresa es el adecuado, mientras un 21% afirma no recibir suficiente apoyo por parte de su organizaci\u00f3n.<\/p>\n<p><strong>Sobre Grupo Aitana &#8211; Opentix<\/strong><br \/>\nGrupo Aitana &#8211; Opentix es una consultora de soluciones tecnol\u00f3gicas para grandes empresas, pymes, aut\u00f3nomos y despachos profesionales. Su principal prop\u00f3sito es impulsar el cambio tecnol\u00f3gico y acercar la tecnolog\u00eda a las empresas para que puedan ser m\u00e1s rentables y productivas.<\/p>\n<p>Con servicios que incluyen consultor\u00eda tecnol\u00f3gica, implantaci\u00f3n de software, formaci\u00f3n y soporte integral, destaca por su enfoque centrado en el cliente y su compromiso con la innovaci\u00f3n y la accesibilidad tecnol\u00f3gica.<\/p>\n<p>Adem\u00e1s de contar con un <em>expertise<\/em> en m\u00e1s de 4.000 clientes de todos los sectores, dispone de 14 delegaciones en Espa\u00f1a y es Partner Platinum de Sage y Gold Partner de Microsoft. Actualmente, el Grupo empresarial est\u00e1 formado por Aitana, Opentix y Grupo CIE. Para obtener m\u00e1s informaci\u00f3n, es posible acceder a <a href=\"https:\/\/www.aitana.es\/\" rel=\"nofollow noopener\" target=\"_blank\">https:\/\/www.aitana.es<\/a><\/p>\n<\/div>\n\n\n<div class=\"kk-star-ratings kksr-auto kksr-align-right kksr-valign-bottom\"\n    data-payload='{&quot;align&quot;:&quot;right&quot;,&quot;id&quot;:&quot;7327&quot;,&quot;slug&quot;:&quot;default&quot;,&quot;valign&quot;:&quot;bottom&quot;,&quot;ignore&quot;:&quot;&quot;,&quot;reference&quot;:&quot;auto&quot;,&quot;class&quot;:&quot;&quot;,&quot;count&quot;:&quot;0&quot;,&quot;legendonly&quot;:&quot;&quot;,&quot;readonly&quot;:&quot;&quot;,&quot;score&quot;:&quot;0&quot;,&quot;starsonly&quot;:&quot;&quot;,&quot;best&quot;:&quot;5&quot;,&quot;gap&quot;:&quot;8&quot;,&quot;greet&quot;:&quot;Valora este art\u00edculo. GRACIAS!&quot;,&quot;legend&quot;:&quot;0\\\/5 - (0 votos)&quot;,&quot;size&quot;:&quot;31&quot;,&quot;title&quot;:&quot;Un 37% de los profesionales espa\u00f1oles siente ansiedad, estr\u00e9s o miedo ante un posible ciberataque&quot;,&quot;width&quot;:&quot;0&quot;,&quot;_legend&quot;:&quot;{score}\\\/{best} - ({count} {votes})&quot;,&quot;font_factor&quot;:&quot;1.25&quot;}'>\n            \n<div class=\"kksr-stars\">\n    \n<div class=\"kksr-stars-inactive\">\n            <div class=\"kksr-star\" data-star=\"1\" style=\"padding-right: 8px\">\n            \n\n<div class=\"kksr-icon\" style=\"width: 31px; height: 31px;\"><\/div>\n        <\/div>\n            <div class=\"kksr-star\" data-star=\"2\" style=\"padding-right: 8px\">\n            \n\n<div class=\"kksr-icon\" style=\"width: 31px; height: 31px;\"><\/div>\n        <\/div>\n            <div class=\"kksr-star\" data-star=\"3\" style=\"padding-right: 8px\">\n            \n\n<div class=\"kksr-icon\" style=\"width: 31px; height: 31px;\"><\/div>\n        <\/div>\n            <div class=\"kksr-star\" data-star=\"4\" style=\"padding-right: 8px\">\n            \n\n<div class=\"kksr-icon\" style=\"width: 31px; height: 31px;\"><\/div>\n        <\/div>\n            <div class=\"kksr-star\" data-star=\"5\" style=\"padding-right: 8px\">\n            \n\n<div class=\"kksr-icon\" style=\"width: 31px; height: 31px;\"><\/div>\n        <\/div>\n    <\/div>\n    \n<div class=\"kksr-stars-active\" style=\"width: 0px;\">\n            <div class=\"kksr-star\" style=\"padding-right: 8px\">\n            \n\n<div class=\"kksr-icon\" style=\"width: 31px; height: 31px;\"><\/div>\n        <\/div>\n            <div class=\"kksr-star\" style=\"padding-right: 8px\">\n            \n\n<div class=\"kksr-icon\" style=\"width: 31px; height: 31px;\"><\/div>\n        <\/div>\n            <div class=\"kksr-star\" style=\"padding-right: 8px\">\n            \n\n<div class=\"kksr-icon\" style=\"width: 31px; height: 31px;\"><\/div>\n        <\/div>\n            <div class=\"kksr-star\" style=\"padding-right: 8px\">\n            \n\n<div class=\"kksr-icon\" style=\"width: 31px; height: 31px;\"><\/div>\n        <\/div>\n            <div class=\"kksr-star\" style=\"padding-right: 8px\">\n            \n\n<div class=\"kksr-icon\" style=\"width: 31px; height: 31px;\"><\/div>\n        <\/div>\n    <\/div>\n<\/div>\n                \n\n<div class=\"kksr-legend\" style=\"font-size: 24.8px;\">\n            <span class=\"kksr-muted\">Valora este art\u00edculo. GRACIAS!<\/span>\n    <\/div>\n    <\/div>\n","protected":false},"excerpt":{"rendered":"<div>El estudio impulsado por la consultora tecnol\u00f3gica Grupo Aitana &#8211; Opentix revela que los profesionales perciben falta de preparaci\u00f3n y demandan mayor apoyo por parte de su empresa<\/div>\n","protected":false},"author":3,"featured_media":7328,"comment_status":"closed","ping_status":"open","sticky":false,"template":"","format":"standard","meta":{"footnotes":""},"categories":[1],"tags":[],"class_list":["post-7327","post","type-post","status-publish","format-standard","has-post-thumbnail","hentry","category-actualidad-y-novedades"],"_links":{"self":[{"href":"https:\/\/www.portalcerrajeros.es\/prensa\/wp-json\/wp\/v2\/posts\/7327","targetHints":{"allow":["GET"]}}],"collection":[{"href":"https:\/\/www.portalcerrajeros.es\/prensa\/wp-json\/wp\/v2\/posts"}],"about":[{"href":"https:\/\/www.portalcerrajeros.es\/prensa\/wp-json\/wp\/v2\/types\/post"}],"author":[{"embeddable":true,"href":"https:\/\/www.portalcerrajeros.es\/prensa\/wp-json\/wp\/v2\/users\/3"}],"replies":[{"embeddable":true,"href":"https:\/\/www.portalcerrajeros.es\/prensa\/wp-json\/wp\/v2\/comments?post=7327"}],"version-history":[{"count":0,"href":"https:\/\/www.portalcerrajeros.es\/prensa\/wp-json\/wp\/v2\/posts\/7327\/revisions"}],"wp:featuredmedia":[{"embeddable":true,"href":"https:\/\/www.portalcerrajeros.es\/prensa\/wp-json\/wp\/v2\/media\/7328"}],"wp:attachment":[{"href":"https:\/\/www.portalcerrajeros.es\/prensa\/wp-json\/wp\/v2\/media?parent=7327"}],"wp:term":[{"taxonomy":"category","embeddable":true,"href":"https:\/\/www.portalcerrajeros.es\/prensa\/wp-json\/wp\/v2\/categories?post=7327"},{"taxonomy":"post_tag","embeddable":true,"href":"https:\/\/www.portalcerrajeros.es\/prensa\/wp-json\/wp\/v2\/tags?post=7327"}],"curies":[{"name":"wp","href":"https:\/\/api.w.org\/{rel}","templated":true}]}}